{"id":1346,"date":"2021-08-15T12:43:59","date_gmt":"2021-08-15T10:43:59","guid":{"rendered":"http:\/\/lecture.jose-marcio.org\/blog\/?p=1346"},"modified":"2021-10-22T10:41:42","modified_gmt":"2021-10-22T08:41:42","slug":"litterature-bresilienne-voulez-vous-des-noms","status":"publish","type":"post","link":"https:\/\/lecture.jose-marcio.org\/blog\/2021\/08\/15\/litterature-bresilienne-voulez-vous-des-noms\/","title":{"rendered":"Litt\u00e9rature br\u00e9silienne &#8211; voulez vous des noms ?"},"content":{"rendered":"<p>Quand je parle de litt\u00e9rature br\u00e9sillienne, on me souffle toujours le nom de <em>Paulo Coelho<\/em>. \u00c7a me d\u00e9sole, \u00e7a m&rsquo;\u00e9nerve !!!<\/p>\n<p><em><span style=\"text-decoration: underline;\">Paulo Coelho<\/span><\/em> est un \u00e9crivain br\u00e9silien qui vit en Suisse, qui a \u00e9crit, \u00e0 mon humble avis, des romains avec le but plus mercantile que de la litt\u00e9rature de qualit\u00e9. C&rsquo;est un des ces \u00e9crivains de mode qui ne r\u00e9sisteront pas au temps et dont les \u00e9crits, je ne suis pas s\u00fbr qu&rsquo;ils repr\u00e9sentent vraiment la vie et m\u00eame la litt\u00e9rature br\u00e9silienne.<\/p>\n<p>Vous voulez des noms d&rsquo;\u00e9crivains br\u00e9siliens plus int\u00e9ressants \u00e0 lire ? Voici une petite liste (en ordre alphab\u00e9tique) :<\/p>\n<ul>\n<li>Ana Christina Cesar<\/li>\n<li>Andr\u00e9 Heraclito do R\u00eago<\/li>\n<li>Carlos Drummond de Andrade<\/li>\n<li>Clarisse Lispector<\/li>\n<li>Erico Verissimo<\/li>\n<li>Euclides da Cunha<\/li>\n<li>Graciliano Ramos<\/li>\n<li>Hilda Hilst<\/li>\n<li>Joao Cabral de Melo Neto<\/li>\n<li>Jorge Amado<\/li>\n<li>Jos\u00e9 Lins do R\u00eago<\/li>\n<li>Jos\u00e9 Mauro de Vasconcelos<\/li>\n<li>Luis Fernando Verissimo<\/li>\n<li>Lygia Fagundes Telles<\/li>\n<li>Machado de Assis<\/li>\n<li>Mario de Andrade &#8211; Macunaima<\/li>\n<li>Nelson Rodrigues<\/li>\n<li>Raquel de Queiroz<\/li>\n<\/ul>\n<p>Si vous cherchez une librairie sp\u00e9cialis\u00e9e dans la litt\u00e9rature lusophone (br\u00e9silienne et portugaise), je vous sugg\u00e8re la <a href=\"https:\/\/librairie-portugaise.com\/\" target=\"_blank\" rel=\"noopener\">Librairie Portugaise &amp; Br\u00e9silienne<\/a> \u00e0 Paris :<\/p>\n<div class=\"dark-blue\">\n<p style=\"padding-left: 40px;\"><em>Librairie portugaise &amp; br\u00e9silienne<\/em><br \/>\n<em>19\/21 rue des Foss\u00e9s Saint-Jacques<\/em><br \/>\n<em>75005 &#8211; PARIS<\/em><br \/>\n<em>T\u00e9l. : 01 43 36 34 37<\/em><br \/>\n<em>Du lundi au samedi, 11-13h 14h-19h<\/em><em><br \/>\n<\/em><\/p>\n<p>OBS : je suis juste un client de cette librairie. Aucun int\u00e9r\u00eat particulier.<\/p>\n<\/div>\n","protected":false},"excerpt":{"rendered":"<p>Quand je parle de litt\u00e9rature br\u00e9sillienne, on me souffle toujours le nom de Paulo Coelho. \u00c7a me d\u00e9sole, \u00e7a m&rsquo;\u00e9nerve !!! Paulo Coelho est un \u00e9crivain br\u00e9silien qui vit en Suisse, qui a \u00e9crit, \u00e0 mon humble avis, des romains<\/p>\n","protected":false},"author":1,"featured_media":0,"comment_status":"closed","ping_status":"open","sticky":false,"template":"","format":"standard","meta":{"footnotes":""},"categories":[30],"tags":[],"class_list":["post-1346","post","type-post","status-publish","format-standard","hentry","category-_blog","comments-off"],"_links":{"self":[{"href":"https:\/\/lecture.jose-marcio.org\/blog\/wp-json\/wp\/v2\/posts\/1346","targetHints":{"allow":["GET"]}}],"collection":[{"href":"https:\/\/lecture.jose-marcio.org\/blog\/wp-json\/wp\/v2\/posts"}],"about":[{"href":"https:\/\/lecture.jose-marcio.org\/blog\/wp-json\/wp\/v2\/types\/post"}],"author":[{"embeddable":true,"href":"https:\/\/lecture.jose-marcio.org\/blog\/wp-json\/wp\/v2\/users\/1"}],"replies":[{"embeddable":true,"href":"https:\/\/lecture.jose-marcio.org\/blog\/wp-json\/wp\/v2\/comments?post=1346"}],"version-history":[{"count":0,"href":"https:\/\/lecture.jose-marcio.org\/blog\/wp-json\/wp\/v2\/posts\/1346\/revisions"}],"wp:attachment":[{"href":"https:\/\/lecture.jose-marcio.org\/blog\/wp-json\/wp\/v2\/media?parent=1346"}],"wp:term":[{"taxonomy":"category","embeddable":true,"href":"https:\/\/lecture.jose-marcio.org\/blog\/wp-json\/wp\/v2\/categories?post=1346"},{"taxonomy":"post_tag","embeddable":true,"href":"https:\/\/lecture.jose-marcio.org\/blog\/wp-json\/wp\/v2\/tags?post=1346"}],"curies":[{"name":"wp","href":"https:\/\/api.w.org\/{rel}","templated":true}]}}