{"id":1359,"date":"2021-04-07T22:12:12","date_gmt":"2021-04-07T20:12:12","guid":{"rendered":"http:\/\/lecture.jose-marcio.org\/blog\/?p=1359"},"modified":"2024-04-27T14:33:44","modified_gmt":"2024-04-27T12:33:44","slug":"delphine-horvilleur-vivre-avec-nos-morts","status":"publish","type":"post","link":"https:\/\/lecture.jose-marcio.org\/blog\/2021\/04\/07\/delphine-horvilleur-vivre-avec-nos-morts\/","title":{"rendered":"Delphine Horvilleur, \u00ab\u00a0Vivre avec nos morts\u00a0\u00bb"},"content":{"rendered":"<h2>Plus que dit le titre&#8230;<\/h2>\n<p><img loading=\"lazy\" decoding=\"async\" class=\"size-medium wp-image-1360 alignright\" src=\"http:\/\/lecture.jose-marcio.org\/blog\/wp-content\/uploads\/2021\/04\/Horvilleur-VivreAvecLesMorts-191x300.jpg\" alt=\"\" width=\"191\" height=\"300\" srcset=\"https:\/\/lecture.jose-marcio.org\/blog\/wp-content\/uploads\/2021\/04\/Horvilleur-VivreAvecLesMorts-191x300.jpg 191w, https:\/\/lecture.jose-marcio.org\/blog\/wp-content\/uploads\/2021\/04\/Horvilleur-VivreAvecLesMorts.jpg 317w\" sizes=\"auto, (max-width: 191px) 100vw, 191px\" \/>Pour le <em>goy<\/em> que je suis, ce livre fait partie des livres qu&rsquo;il faut absolument lire. C&rsquo;est un petit bijou.<\/p>\n<p>Bien entendu, c&rsquo;est le point de vue d&rsquo;un rabbin, de quelqu&rsquo;un qui, pendant un petit moment, partage l&rsquo;intimit\u00e9,\u00a0 croise la fin d&rsquo;une vie et la suite de celle de ceux qui restent.<\/p>\n<p>J&rsquo;imagine difficile d&rsquo;\u00eatre toujours objective.<\/p>\n<p>Dans ce livre, Delphine Horvilleur nous raconte un petit nombre de situations qui l&rsquo;ont mise en contact avec la mort, ses pens\u00e9es parfois intimes, les rituels du juda\u00efsme, son m\u00e9tier de rabbin, &#8230;<\/p>\n<p>Il y a des passages tr\u00e8s \u00e9mouvants. J&rsquo;en cite un :<\/p>\n<blockquote><p><em>Ce jour-l\u00e0, j&rsquo;ai dit \u00e0 un homme ce qu&rsquo;avait \u00e9t\u00e9 sa m\u00e8re, ne pouvant inventer autre chose que ce qu&rsquo;il m&rsquo;en avait livr\u00e9. Et pourtant, je ne saurais l&rsquo;expliquer, mais c&rsquo;est comme si une autre histoire s&rsquo;\u00e9tait devant nous \u00e9nonc\u00e9e.<\/em><\/p>\n<p><em>Le fils de Sarah s&rsquo;est avanc\u00e9 vers le cercueil et a caress\u00e9 de sa main ce bois qui enveloppait sa m\u00e8re. Il a pleur\u00e9 longuement, et c&rsquo;est la qu&rsquo;il m&rsquo;a dit : \u00ab\u00a0Quelle vie elle a eue !\u00a0\u00bb. J&rsquo;ignore dans quelle mesure il venait de le d\u00e9couvrir.<\/em><\/p><\/blockquote>\n<p>Ce n&rsquo;est pas le premier livre que je lis de cet auteur. A chaque fois j&rsquo;apprends un peu plus de cette communaut\u00e9 souvent m\u00e9connue ou ignor\u00e9e et que, m\u00eame n&rsquo;\u00e9tant pas la mienne, j&rsquo;appr\u00e9cie depuis longtemps.<\/p>\n<h2>Quatri\u00e8me de couverture<\/h2>\n<p>\u00catre rabbin, c&rsquo;est vivre avec la mort : celle des autres, celles des siens.<\/p>\n<p>Mais c&rsquo;est surtout transmuer cette mort en le\u00e7on de vie pour ceux qui restent : \u00ab\u00a0Je me tiens aux c\u00f4t\u00e9s de femmes et d&rsquo;hommes qui, aux moments charni\u00e8res de leurs vies, ont besoin de r\u00e9cits.\u00a0\u00bb<\/p>\n<p>La tapisserie de ce livre de consolation tresse \u00e9troitement trois fils : le conte, l&rsquo;ex\u00e9g\u00e8se et la confession.<\/p>\n<p>La narration d&rsquo;une vie interrompue, la mani\u00e8re de donner sens \u00e0 cette mort \u00e0 travers les textes de la tradition, et l&rsquo;\u00e9vocation d&rsquo;une blessure intime ou la rem\u00e9moration d&rsquo;un \u00e9pisode autobiographique dont elle a r\u00e9veill\u00e9 le souvenir enseveli.<\/p>\n<p>Les textes sacr\u00e9s ouvrent un passage entre les vivants et les morts : \u00ab\u00a0Le r\u00f4le d&rsquo;un conteur est de se tenir \u00e0 la porte pour s&rsquo;assurer qu&rsquo;elle reste ouverte.\u00a0\u00bb Et permettre ainsi \u00e0 chacun de faire la paix avec ses fant\u00f4mes.<\/p>\n","protected":false},"excerpt":{"rendered":"<p>Plus que dit le titre&#8230; Pour le goy que je suis, ce livre fait partie des livres qu&rsquo;il faut absolument lire. C&rsquo;est un petit bijou. Bien entendu, c&rsquo;est le point de vue d&rsquo;un rabbin, de quelqu&rsquo;un qui, pendant un petit<\/p>\n","protected":false},"author":1,"featured_media":0,"comment_status":"closed","ping_status":"open","sticky":false,"template":"","format":"standard","meta":{"footnotes":""},"categories":[25,17,21,6],"tags":[],"class_list":["post-1359","post","type-post","status-publish","format-standard","hentry","category-litterature","category-lecture","category-philosophie","category-sociologie","comments-off"],"_links":{"self":[{"href":"https:\/\/lecture.jose-marcio.org\/blog\/wp-json\/wp\/v2\/posts\/1359","targetHints":{"allow":["GET"]}}],"collection":[{"href":"https:\/\/lecture.jose-marcio.org\/blog\/wp-json\/wp\/v2\/posts"}],"about":[{"href":"https:\/\/lecture.jose-marcio.org\/blog\/wp-json\/wp\/v2\/types\/post"}],"author":[{"embeddable":true,"href":"https:\/\/lecture.jose-marcio.org\/blog\/wp-json\/wp\/v2\/users\/1"}],"replies":[{"embeddable":true,"href":"https:\/\/lecture.jose-marcio.org\/blog\/wp-json\/wp\/v2\/comments?post=1359"}],"version-history":[{"count":1,"href":"https:\/\/lecture.jose-marcio.org\/blog\/wp-json\/wp\/v2\/posts\/1359\/revisions"}],"predecessor-version":[{"id":3263,"href":"https:\/\/lecture.jose-marcio.org\/blog\/wp-json\/wp\/v2\/posts\/1359\/revisions\/3263"}],"wp:attachment":[{"href":"https:\/\/lecture.jose-marcio.org\/blog\/wp-json\/wp\/v2\/media?parent=1359"}],"wp:term":[{"taxonomy":"category","embeddable":true,"href":"https:\/\/lecture.jose-marcio.org\/blog\/wp-json\/wp\/v2\/categories?post=1359"},{"taxonomy":"post_tag","embeddable":true,"href":"https:\/\/lecture.jose-marcio.org\/blog\/wp-json\/wp\/v2\/tags?post=1359"}],"curies":[{"name":"wp","href":"https:\/\/api.w.org\/{rel}","templated":true}]}}