{"id":1367,"date":"2021-04-10T00:38:42","date_gmt":"2021-04-09T22:38:42","guid":{"rendered":"http:\/\/lecture.jose-marcio.org\/blog\/?p=1367"},"modified":"2022-08-15T15:28:47","modified_gmt":"2022-08-15T13:28:47","slug":"herve-le-bras-se-sentir-mal-dans-une-france-qui-va-bien","status":"publish","type":"post","link":"https:\/\/lecture.jose-marcio.org\/blog\/2021\/04\/10\/herve-le-bras-se-sentir-mal-dans-une-france-qui-va-bien\/","title":{"rendered":"Herv\u00e9 le Bras &#8211; Se sentir mal dans une France qui va bien"},"content":{"rendered":"<h2>La soci\u00e9t\u00e9 paradoxale<\/h2>\n<p><img loading=\"lazy\" decoding=\"async\" class=\"size-full wp-image-1368 alignright\" src=\"http:\/\/lecture.jose-marcio.org\/blog\/wp-content\/uploads\/2021\/04\/HerveLeBras-SeSentirMalDansUneFranceQuiVaBien.jpg\" alt=\"\" width=\"191\" height=\"293\" \/>L&rsquo;auteur, d\u00e9mographe et historien, a \u00e9crit ce livre suite au mouvement des Gilets Jaunes. Puisqu&rsquo;on se plaint, o\u00f9 est qu&rsquo;on en est par rapport \u00e0 nos voisins ??? C&rsquo;est l&rsquo;id\u00e9e de ce livre.<\/p>\n<p>L&rsquo;auteur a compar\u00e9 la situation de la France avec celle\u00a0 aux des pays de la Communaut\u00e9 Europ\u00e9enne sous 8 crit\u00e8res : in\u00e9galit\u00e9s et pauvret\u00e9, sant\u00e9, prestations sociales et retraites, familles et logement, s\u00e9curit\u00e9, la maladie de la p\u00e9riph\u00e9rie, \u00e9ducation et mobilit\u00e9 sociale et, finalement, hommes et femmes. Les donn\u00e9es sont de 2016.<\/p>\n<p>La France va mieux que nos voisins dans plusieurs crit\u00e8res, en particulier, in\u00e9galit\u00e9s et pauvret\u00e9s et prestations sociales et retraites, des crit\u00e8res dont on a beaucoup parl\u00e9. En ce qui concerne les in\u00e9galit\u00e9s, la France est le mieux plac\u00e9 parmi les cinq les plus grandes puissances : (dans l&rsquo;ordre) France, Allemagne, Italie, Royaume-Uni et Espagne. En ce qui concerne le d\u00e9part \u00e0 la retraite, la France fait partie des pays o\u00f9 l&rsquo;\u00e2ge de d\u00e9part \u00e0 la retraite est des plus baisses. Globalement, on peut dire que la France est toujours parmi les pays en t\u00eate.<\/p>\n<p>Alors pourquoi ce sentiment ? Il y a plusieurs raisons, selon l&rsquo;auteur, dont les plus importantes sont le manque de connaissance chez nos voisins et une certaine fragmentation de la soci\u00e9t\u00e9. Pour l&rsquo;exemplifier, l&rsquo;auteur estime que les Gilets-Jaunes ont constitu\u00e9 des sortes d&rsquo;archipels ferm\u00e9s sur leurs propres pr\u00e9occupations (voir citations).<\/p>\n<p>J&rsquo;ajouterais deux autres facteurs : une certaine utilisation politique qui a peut-\u00eatre pouss\u00e9 \u00e0 des demandes qui n&rsquo;avaient pas de sens, telles la d\u00e9mission du Pr\u00e9sident de la R\u00e9publique. D&rsquo;autre part, l&rsquo;auteur a analyse tout cela au pr\u00e9sent et l&rsquo;\u00e9volution depuis plusieurs d\u00e9cennies (avec des nombreux graphiques) : on reste sans id\u00e9e sur la tendance future. Cela ne m&rsquo;\u00e9tonne pas vraiment puisqu&rsquo;il est un d\u00e9mographe et historien et pas un devin.<\/p>\n<p>C&rsquo;est un livre facile \u00e0 lire avec des arguments justifi\u00e9s avec des donn\u00e9es, des tableaux, des graphiques (de sources fiables) plut\u00f4t que des paroles. On peut ne pas aimer les chiffres mais pour cet essai, c&rsquo;est indispensable.<\/p>\n<p>Il fait un constat de la situation, sans proposer des solutions (voir citations) et cela est \u00e9vident. C&rsquo;est aux politiques de les trouver.<\/p>\n<h2>Citations<\/h2>\n<p>(p. 7)<\/p>\n<blockquote><p>94 % des Fran\u00e7ais s&rsquo;estiment heureux de vivre dans leur pays selon un sondage effectu\u00e9 en mars 2018 dans les 28 pays de l&rsquo;Union europ\u00e9enne par Eurobarom\u00e8tre. C&rsquo;est au-dessus de la moyenne dans l&rsquo;Union (91 %), nettement mieux, par exemple, que les Espagnols ou les Italiens. On pourrait penser que ce bonheur doit beaucoup \u00e0 un syst\u00e8me social protecteur. De tous les pays de l&rsquo;Union, la France consacre en effet la plus forte part de son revenu \u00e0 la protection sociale. 34 % de son PIB va aux prestations de sant\u00e9, de retraite, de ch\u00f4mage, de logement, de handicap, alors que la moyenne europ\u00e9enne est de 29 %. Notre pays caracole devant les habituels champions de l&rsquo;\u00c9tat-providence que sont le Danemark (32 % de son PIB) ou la Su\u00e8de (29 %). Revers de la m\u00e9daille, syst\u00e9matiquement mis en avant, ce budget social p\u00e8se lourd en charges sociales des entreprises. Ces charges ont pour contrepartie une grande politique sociale, il ne faut pas l&rsquo;oublier.<\/p><\/blockquote>\n<p>(p. 155)<\/p>\n<blockquote><p>La France se porte bien selon de nombreux crit\u00e8res, mais les Fran\u00e7ais ne s&rsquo;en rendent pas compte \u00e0 cause de s\u00e9gr\u00e9gations de plus en plus nombreuses, en fonction de l&rsquo;\u00e9ducation, en fonction de la distance aux grandes villes, en fonction des origines sociales, et m\u00eame, comme on vient de l&rsquo;apercevoir in fine, en fonction de la s\u00e9paration entre activit\u00e9s intellectuelles et mat\u00e9rielles. L&rsquo;explosion des moyens de communication audio-visuels a paradoxalement \u00e9clat\u00e9 la soci\u00e9t\u00e9, que le r\u00e9cent ouvrage de J\u00e9rome Fourquet d\u00e9crit comme un archipel. Les commentateurs ont soulign\u00e9 que les Gilets-aunes avaient retrouv\u00e9 sur les ronds-points le sentiment de la communaut\u00e9, mais il s&rsquo;agit de petites communaut\u00e9s ferm\u00e9es \u00e0 ceux qui ne partagent pas les pr\u00e9occupations du groupe, donc d&rsquo;un \u00e9miettement suppl\u00e9mentaire de la soci\u00e9t\u00e9.<\/p><\/blockquote>\n<p>(p. 155)<\/p>\n<blockquote><p>La t\u00e2che immense du gouvernement et des politiques est de r\u00e9tablir la circulation, pas seulement celle des voitures, mais \u00e0 tous les niveaux : entre classes sociales, d&rsquo;une g\u00e9n\u00e9ration \u00e0 la suivante, entre centres-villes, banlieues, p\u00e9riurbain et campagnes, entre activit\u00e9s mat\u00e9rielles et intellectuelles.<\/p><\/blockquote>\n<h2>Quatri\u00e8me de couverture<\/h2>\n<p>94 % des Fran\u00e7ais s&rsquo;estiment heureux de vivre dans leur pays, selon un sondage de mars?2018. Mais alors, pourquoi, six mois apr\u00e8s, 280.000 Gilets jaunes d\u00e9ferlent-ils dans toute la France et, des semaines durant, crient-ils leur d\u00e9nuement et leurs souffrances ? Pourquoi, surtout, recueillent-ils 70?% d&rsquo;adh\u00e9sion de l&rsquo;opinion lors de leur premi\u00e8re manifestation?<\/p>\n<p>Comment r\u00e9soudre cette contradiction entre l&rsquo;importance du budget social de la nation, le sentiment imm\u00e9diat de vivre heureux dans son pays et le sentiment contraire de souffrir de nombreuses carences sociales? Ni partisan ni na\u00eff, Herv\u00e9 Le Bras propose une lecture fine de sondages et \u00e9tudes, en compare les r\u00e9sultats dans diff\u00e9rents pays europ\u00e9ens. Partant du constat que la France est \u00e0 la fois l&rsquo;un des pays les plus \u00e9galitaires de l&rsquo;Union europ\u00e9enne et l&rsquo;un de ceux qui proc\u00e8dent \u00e0 la plus large redistribution sociale, le d\u00e9mographe s&rsquo;interroge sur ce qui peut alors expliquer la contradiction entre l&rsquo;\u00e9tat objectif du pays et le sentiment subjectif de ses habitants. Une lecture aussi passionnante que n\u00e9cessaire.<\/p>\n","protected":false},"excerpt":{"rendered":"<p>La soci\u00e9t\u00e9 paradoxale L&rsquo;auteur, d\u00e9mographe et historien, a \u00e9crit ce livre suite au mouvement des Gilets Jaunes. Puisqu&rsquo;on se plaint, o\u00f9 est qu&rsquo;on en est par rapport \u00e0 nos voisins ??? C&rsquo;est l&rsquo;id\u00e9e de ce livre. L&rsquo;auteur a compar\u00e9 la<\/p>\n","protected":false},"author":1,"featured_media":0,"comment_status":"closed","ping_status":"open","sticky":false,"template":"","format":"standard","meta":{"footnotes":""},"categories":[29,17,22,6],"tags":[],"class_list":["post-1367","post","type-post","status-publish","format-standard","hentry","category-economie","category-lecture","category-politique","category-sociologie","comments-off"],"_links":{"self":[{"href":"https:\/\/lecture.jose-marcio.org\/blog\/wp-json\/wp\/v2\/posts\/1367","targetHints":{"allow":["GET"]}}],"collection":[{"href":"https:\/\/lecture.jose-marcio.org\/blog\/wp-json\/wp\/v2\/posts"}],"about":[{"href":"https:\/\/lecture.jose-marcio.org\/blog\/wp-json\/wp\/v2\/types\/post"}],"author":[{"embeddable":true,"href":"https:\/\/lecture.jose-marcio.org\/blog\/wp-json\/wp\/v2\/users\/1"}],"replies":[{"embeddable":true,"href":"https:\/\/lecture.jose-marcio.org\/blog\/wp-json\/wp\/v2\/comments?post=1367"}],"version-history":[{"count":0,"href":"https:\/\/lecture.jose-marcio.org\/blog\/wp-json\/wp\/v2\/posts\/1367\/revisions"}],"wp:attachment":[{"href":"https:\/\/lecture.jose-marcio.org\/blog\/wp-json\/wp\/v2\/media?parent=1367"}],"wp:term":[{"taxonomy":"category","embeddable":true,"href":"https:\/\/lecture.jose-marcio.org\/blog\/wp-json\/wp\/v2\/categories?post=1367"},{"taxonomy":"post_tag","embeddable":true,"href":"https:\/\/lecture.jose-marcio.org\/blog\/wp-json\/wp\/v2\/tags?post=1367"}],"curies":[{"name":"wp","href":"https:\/\/api.w.org\/{rel}","templated":true}]}}