{"id":1379,"date":"2021-05-19T22:39:32","date_gmt":"2021-05-19T20:39:32","guid":{"rendered":"http:\/\/lecture.jose-marcio.org\/blog\/?p=1379"},"modified":"2022-09-20T23:04:01","modified_gmt":"2022-09-20T21:04:01","slug":"luc-ferry-les-sept-ecologies","status":"publish","type":"post","link":"https:\/\/lecture.jose-marcio.org\/blog\/2021\/05\/19\/luc-ferry-les-sept-ecologies\/","title":{"rendered":"Luc Ferry &#8211; Les sept \u00e9cologies"},"content":{"rendered":"<h2>Enfin, un livre non catastrophique&#8230;<\/h2>\n<p><img loading=\"lazy\" decoding=\"async\" class=\"size-medium wp-image-1381 alignright\" src=\"http:\/\/lecture.jose-marcio.org\/blog\/wp-content\/uploads\/2021\/05\/LucFerry-LesSeptEcologies-188x300.jpg\" alt=\"\" width=\"188\" height=\"300\" srcset=\"https:\/\/lecture.jose-marcio.org\/blog\/wp-content\/uploads\/2021\/05\/LucFerry-LesSeptEcologies-188x300.jpg 188w, https:\/\/lecture.jose-marcio.org\/blog\/wp-content\/uploads\/2021\/05\/LucFerry-LesSeptEcologies.jpg 313w\" sizes=\"auto, (max-width: 188px) 100vw, 188px\" \/>C&rsquo;est un livre que je trouve excellent mais qui va faire grincer beaucoup de dents.<\/p>\n<p>Luc Ferry, comme beaucoup d&rsquo;autres, part du constat que la plan\u00e8te va mal.<\/p>\n<p>La d\u00e9marche de ce livre est celle qui devait \u00eatre de tout scientifique, c&rsquo;est \u00e0 dire : \u00ab\u00a0il y a un probl\u00e8me, voyons quelles sont les solutions d\u00e9j\u00e0 propos\u00e9es (ce qui dans le milieu scientifique s&rsquo;appelle \u00e9tat des l&rsquo;art) et voila ce que je (je = Luc Ferry) propose\u00a0\u00bb.<\/p>\n<p>La premi\u00e8re partie de son livre (180 pages sur 270) est consacr\u00e9e \u00e0 pr\u00e9senter, et a donner son opinion, sur les autres approches de l&rsquo;\u00e9cologie.<\/p>\n<p>Luc Ferry ne cache pas \u00eatre contraire \u00e0 ces approches qu&rsquo;il qualifie de \u00ab\u00a0\u00e9cologie punitive, moralisatrice et r\u00e9trograde\u00a0\u00bb et il ne se prive pas de les critiquer s\u00e9v\u00e8rement et montrer toutes les contradictions et utopies.<\/p>\n<p>Certaines approches rel\u00e8vent, grosso modo, d&rsquo;un militantisme anticapitaliste, d&rsquo;autres d&rsquo;un militantisme sans un vrai rapport avec l&rsquo;\u00e9cologie (l&rsquo;\u00e9cof\u00e9minisme ou encore les d\u00e9coloniaux ou le v\u00e9ganes) et l&rsquo;alarmisme avec toujours un objectif de d\u00e9croissance.<\/p>\n<p>Luc Ferry montre bien qu&rsquo;aucune de ces solutions est satisfaisante, ni par les r\u00e9sultats, ni par les transformations subies par la soci\u00e9t\u00e9. le seul acteur qui sort du lot par sa lucidit\u00e9 serait, selon l&rsquo;auteur, <em>Yves Cochet <\/em>qui reconna\u00eet que rien de tout \u00e7a serait possible sans l&rsquo;implantation d&rsquo;un syst\u00e8me politique totalitaire ou alors, une catastrophe d&rsquo;ampleur suffisante pour tout chambouler.<\/p>\n<p>Par ailleurs, puisqu&rsquo;on parle de totalitarisme, il est utile de mentionner que l&rsquo;id\u00e9e de profiter de la pand\u00e9mie COVID pour implanter un syst\u00e8me communiste plan\u00e9taire avec remplacement de l&rsquo;ONU par un organisme avec des pouvoirs sur les \u00e9tats est d\u00e9j\u00e0 propos\u00e9e par <em>Edgar Morin<\/em> dans le livre \u00ab\u00a0Changeons de voie: Les le\u00e7ons du coronavirus\u00a0\u00bb. Personnellement, cela me choque profond\u00e9ment.<\/p>\n<p>Parmi les \u00e9normit\u00e9s de ces approches, il y a une qui m\u00e9rite d&rsquo;\u00eatre mentionn\u00e9e : la diminution de la moiti\u00e9 de l&rsquo;humanit\u00e9 !!! Ou alors, l&rsquo;arr\u00eat des soins m\u00e9dicaux aux maladies graves de ceux qui ont plus de 65 ans&#8230; \u00c7a montre bien que certaines id\u00e9es totalitaires du si\u00e8cle dernier ne sont pas disparues.<\/p>\n<p>Dans la proposition que Luc Ferry d\u00e9fend, mais dont il n&rsquo;est pas l&rsquo;auteur, il ne parle pas de d\u00e9croissance, mais bien au contraire, grosso modo, de croissance infinie avec changement dans, par exemple, la fabrication de produits toujours recyclables, des changements dans les habitudes. Si on regarde de plus pr\u00e8s les propositions concr\u00e8tes, on voit que certaines sont plus que logiques (l&rsquo;\u00e9nergie nucl\u00e9aire, par exemple) et d&rsquo;autres dont je suis sceptique.<\/p>\n<p>A mon avis, il s&rsquo;agit quand m\u00eame d&rsquo;une d\u00e9croissance mais qui va dans le sens de trouver un \u00e9quilibre entre une soci\u00e9t\u00e9 respectueuse de l&rsquo;environnement et un minimum de confort pour l&rsquo;humanit\u00e9.<\/p>\n<p>Ce qui est surtout \u00e0 retenir de ce livre r\u00e9sulte, \u00e0 mon avis, le tout dernier paragraphe du livre, que je recopie ici, tout en red\u00e9coupant en deux parties :<\/p>\n<blockquote><p>\u00ab\u00a0Pour y parvenir, il faudra non seulement beaucoup de science et d&rsquo;intelligence, mais aussi une grande capacit\u00e9 de la politique \u00e0 reprendre la main sur un cours du monde qui, nous l&rsquo;avons vu, nous \u00e9chappe encore aujourd&rsquo;hui de toute part. Comme on voit, rien n&rsquo;est jou\u00e9 dans cette affaire, et rien n&rsquo;y est simple ni gagn\u00e9 d&rsquo;avance.<\/p>\n<p>Mais s&rsquo;<a class=\"titre1\" href=\"https:\/\/www.babelio.com\/livres\/Huxley-Ile\/172337\">il e<\/a>xiste encore en ce monde un grand dessein, c&rsquo;est bien celui qui consisterait \u00e0 mettre enfin en oeuvre une \u00e9cologie non punitive, \u00e0 la fois d\u00e9radicalis\u00e9e et r\u00e9ellement soucieuse d&#8217;embellir l&rsquo;avenir de l&rsquo;humanit\u00e9. \u00ab\u00a0<\/p><\/blockquote>\n<p>Donc, il faut surtout de l&rsquo;intelligence, confiance dans la science pour qu&rsquo;elle trouve des solutions pour le bien de l&rsquo;humanit\u00e9 et dans le respect de la nature et de l&rsquo;environnement.<\/p>\n<p>Il faut que les \u00e9cologistes radicaux cessent de m\u00e9langer le probl\u00e8me de la nature avec des id\u00e9ologies d&rsquo;origine plut\u00f4t politique.<\/p>\n<p><em>Chantal Delsol<\/em>, dans son livre \u00ab\u00a0La haine du monde\u00a0\u00bb, nous explique que dans des situations d&rsquo;extr\u00eame conflit, si des groupes radicaux prennent le pouvoir, \u00e7a fini toujours par un syst\u00e8me totalitaire. C&rsquo;est ce qui est arriv\u00e9 en Allemagne en 1933 ou en Russie en 1917. Alors, on aura le choix entre un \u00ab\u00a01984\u00a0\u00bb de <em>George Orwell<\/em> ou un \u00ab\u00a0Le meilleur des mondes\u00a0\u00bb de <em>Aldous Huxley<\/em>. Que pr\u00e9f\u00e9rez vous ?<\/p>\n<p>Enfin, rien ne pourra se faire de fa\u00e7on d\u00e9mocratique que dans le dialogue, sans agr\u00e9ssivit\u00e9 et dans le respect de l&rsquo;autre et surtout de ceux qui n&rsquo;ont pas forc\u00e9ment le m\u00eame avis des uns et des autres.<\/p>\n<h2>Quatri\u00e8me de couverture<\/h2>\n<p>Parler aujourd&rsquo;hui d&rsquo;\u00e9cologie au singulier n&rsquo;a gu\u00e8re de sens tant les mouvements qui s&rsquo;en r\u00e9clament sont multiples et oppos\u00e9s entre eux. De fait, l&rsquo;\u00e9cologie se divise d\u00e9sormais en sept grands courants : les \u00ab effondristes \u00bb, qui tiennent la catastrophe pour in\u00e9vitable ; les alarmistes r\u00e9volutionnaires, h\u00e9ritiers de la critique marxienne du capitalisme, qui plaident pour la d\u00e9croissance, comme les \u00e9cof\u00e9ministes, les d\u00e9coloniaux et les v\u00e9ganes, qui consid\u00e8rent la lutte pour l&rsquo;environnement comme indissociable de celle pour le droit des femmes, des colonis\u00e9s et des animaux ; les r\u00e9formistes, qui pensent au contraire que la solution se situe dans la croissance verte et le d\u00e9veloppement durable. Viennent enfin les partisans de \u00ab l&rsquo;\u00e9comodernisme \u00bb et de l&rsquo;\u00e9conomie circulaire que je d\u00e9fends ici.<\/p>\n<p>Ces diff\u00e9rentes composantes s&rsquo;accordent sans doute sur le fait que la plan\u00e8te va mal, mais leur opposition n&rsquo;en reste pas moins parfois radicale, les effondristes et les r\u00e9volutionnaires tenant notamment la croissance verte et le d\u00e9veloppement durable pour des impostures.<\/p>\n<p>C&rsquo;est \u00e0 analyser les id\u00e9es, les convictions et les propositions qui les animent que ce livre est consacr\u00e9, mais aussi \u00e0 proposer une alternative \u00e9comoderniste \u00e0 l&rsquo;\u00e9cologie punitive, une vision du monde qui esquisse enfin un grand dessein enthousiasmant pour une humanit\u00e9 r\u00e9concili\u00e9e avec elle-m\u00eame comme avec sa plan\u00e8te.<\/p>\n","protected":false},"excerpt":{"rendered":"<p>Enfin, un livre non catastrophique&#8230; C&rsquo;est un livre que je trouve excellent mais qui va faire grincer beaucoup de dents. Luc Ferry, comme beaucoup d&rsquo;autres, part du constat que la plan\u00e8te va mal. La d\u00e9marche de ce livre est celle<\/p>\n","protected":false},"author":1,"featured_media":0,"comment_status":"closed","ping_status":"open","sticky":false,"template":"","format":"standard","meta":{"footnotes":""},"categories":[29,17,21,22,6],"tags":[],"class_list":["post-1379","post","type-post","status-publish","format-standard","hentry","category-economie","category-lecture","category-philosophie","category-politique","category-sociologie","comments-off"],"_links":{"self":[{"href":"https:\/\/lecture.jose-marcio.org\/blog\/wp-json\/wp\/v2\/posts\/1379","targetHints":{"allow":["GET"]}}],"collection":[{"href":"https:\/\/lecture.jose-marcio.org\/blog\/wp-json\/wp\/v2\/posts"}],"about":[{"href":"https:\/\/lecture.jose-marcio.org\/blog\/wp-json\/wp\/v2\/types\/post"}],"author":[{"embeddable":true,"href":"https:\/\/lecture.jose-marcio.org\/blog\/wp-json\/wp\/v2\/users\/1"}],"replies":[{"embeddable":true,"href":"https:\/\/lecture.jose-marcio.org\/blog\/wp-json\/wp\/v2\/comments?post=1379"}],"version-history":[{"count":1,"href":"https:\/\/lecture.jose-marcio.org\/blog\/wp-json\/wp\/v2\/posts\/1379\/revisions"}],"predecessor-version":[{"id":2518,"href":"https:\/\/lecture.jose-marcio.org\/blog\/wp-json\/wp\/v2\/posts\/1379\/revisions\/2518"}],"wp:attachment":[{"href":"https:\/\/lecture.jose-marcio.org\/blog\/wp-json\/wp\/v2\/media?parent=1379"}],"wp:term":[{"taxonomy":"category","embeddable":true,"href":"https:\/\/lecture.jose-marcio.org\/blog\/wp-json\/wp\/v2\/categories?post=1379"},{"taxonomy":"post_tag","embeddable":true,"href":"https:\/\/lecture.jose-marcio.org\/blog\/wp-json\/wp\/v2\/tags?post=1379"}],"curies":[{"name":"wp","href":"https:\/\/api.w.org\/{rel}","templated":true}]}}