{"id":1422,"date":"2015-11-22T23:36:52","date_gmt":"2015-11-22T22:36:52","guid":{"rendered":"http:\/\/lecture.jose-marcio.org\/blog\/?p=1422"},"modified":"2022-03-07T13:56:41","modified_gmt":"2022-03-07T12:56:41","slug":"zysla-belliat-morgensztern-la-photographie-pithiviers-1941","status":"publish","type":"post","link":"https:\/\/lecture.jose-marcio.org\/blog\/2015\/11\/22\/zysla-belliat-morgensztern-la-photographie-pithiviers-1941\/","title":{"rendered":"Zysla Belliat-Morgensztern, \u00ab\u00a0La Photographie, Pithiviers 1941\u00a0\u00bb"},"content":{"rendered":"<h2><span class=\"cr-widget-FocalReviews\" data-hook=\"cr-widget-FocalReviews\">Un orphelin juif sauv\u00e9 et cach\u00e9 par des justes<\/span><\/h2>\n<p><span class=\"cr-widget-FocalReviews\" data-hook=\"cr-widget-FocalReviews\"><span class=\"a-size-base review-text\" data-hook=\"review-body\"><img loading=\"lazy\" decoding=\"async\" class=\"size-medium wp-image-1423 alignright\" src=\"http:\/\/lecture.jose-marcio.org\/blog\/wp-content\/uploads\/2021\/06\/Zysla-LaPhotographiePithiviers-188x300.jpg\" alt=\"\" width=\"188\" height=\"300\" srcset=\"https:\/\/lecture.jose-marcio.org\/blog\/wp-content\/uploads\/2021\/06\/Zysla-LaPhotographiePithiviers-188x300.jpg 188w, https:\/\/lecture.jose-marcio.org\/blog\/wp-content\/uploads\/2021\/06\/Zysla-LaPhotographiePithiviers.jpg 313w\" sizes=\"auto, (max-width: 188px) 100vw, 188px\" \/>C&rsquo;est le parcours, pendant la guerre, d&rsquo;un enfant juif devenu orphelin \u00e0 12 ans, son p\u00e8re et sa m\u00e8re ayant \u00e9t\u00e9 d\u00e9port\u00e9s \u00e0 Auschwitz. Ce parcours n&rsquo;est surement pas unique. Comme beaucoup d&rsquo;autres orphelins de la guerre, il a r\u00e9ussi \u00e0 \u00e9chapper \u00e0 la barbarie nazie gr\u00e2ce \u00e0 des justes.<\/span><\/span><\/p>\n<p><span class=\"cr-widget-FocalReviews\" data-hook=\"cr-widget-FocalReviews\"><span class=\"a-size-base review-text\" data-hook=\"review-body\">Le livre a \u00e9t\u00e9 \u00e9crit par sa fille, \u00e0 partir de ce qu&rsquo;elle a su et du t\u00e9moignage de son p\u00e8re pour la Fondation des Survivants de la Shoah.<\/span><\/span><\/p>\n<p><span class=\"cr-widget-FocalReviews\" data-hook=\"cr-widget-FocalReviews\"><span class=\"a-size-base review-text\" data-hook=\"review-body\">Ce qui ressort de ce livre, et qui n&rsquo;est pas dit explicitement, c&rsquo;est l&rsquo;\u00e9tendue de la blessure, la difficult\u00e9 d&rsquo;en parler et, tr\u00e8s certainement, m\u00eame d&rsquo;y penser. Ce n&rsquo;est que maintenant, plus de 50 ans apr\u00e8s, que l&rsquo;auteur a appris quelques d\u00e9tails de l&rsquo;histoire de son p\u00e8re.<\/span><\/span><\/p>\n<p><span class=\"cr-widget-FocalReviews\" data-hook=\"cr-widget-FocalReviews\"><span class=\"a-size-base review-text\" data-hook=\"review-body\">Il s&rsquo;agit d&rsquo;un travail de m\u00e9moire et, probablement aussi, de th\u00e9rapie. Pour que les g\u00e9n\u00e9rations futures sachent ce qui s&rsquo;est pass\u00e9.<\/span><\/span><\/p>\n<p><span class=\"cr-widget-FocalReviews\" data-hook=\"cr-widget-FocalReviews\"><span class=\"a-size-base review-text\" data-hook=\"review-body\">C&rsquo;est un livre \u00e0 lire par tous ce qui s&rsquo;int\u00e9ressent par l&rsquo;histoire de l&rsquo;humanit\u00e9 et par les causes et cons\u00e9quences de la barbarie humaine, que l&rsquo;on soit ou non juif. <\/span><\/span><\/p>\n<h2>Quatri\u00e8me de couverture<\/h2>\n<p>\u00ab\u00a0J&rsquo;ai longtemps cru que je les retrouverais, que le hasard de la vie nous ferait nous rencontrer et, bien s\u00fbr, nous reconna\u00eetre, que noustomberions dans les bras les uns des autres, que tout commencerait, que le pass\u00e9 n&rsquo;existerait pas, ou plut\u00f4t qu&rsquo;il ne serait l\u00e0 que pour nous faire aimer aujourd&rsquo;hui, demain, toujours.<\/p>\n<p>Ce r\u00eave, c&rsquo;est celui que je faisais en pensant \u00e0 mes grands-parents quand mon p\u00e8re me racontait sa vie d&rsquo;enfant fuyant les rafles puis cach\u00e9, gr\u00e2ce \u00e0 sa m\u00e8re, dans un coll\u00e8ge catholique \u00e0 Nice. Un jour, je croise un regard per\u00e7ant et familier sur une photographie. .<\/p>\n","protected":false},"excerpt":{"rendered":"<p>Un orphelin juif sauv\u00e9 et cach\u00e9 par des justes C&rsquo;est le parcours, pendant la guerre, d&rsquo;un enfant juif devenu orphelin \u00e0 12 ans, son p\u00e8re et sa m\u00e8re ayant \u00e9t\u00e9 d\u00e9port\u00e9s \u00e0 Auschwitz. Ce parcours n&rsquo;est surement pas unique. Comme<\/p>\n","protected":false},"author":1,"featured_media":0,"comment_status":"closed","ping_status":"open","sticky":false,"template":"","format":"standard","meta":{"footnotes":""},"categories":[24,17,33],"tags":[],"class_list":["post-1422","post","type-post","status-publish","format-standard","hentry","category-histoire","category-lecture","category-temoignage","comments-off"],"_links":{"self":[{"href":"https:\/\/lecture.jose-marcio.org\/blog\/wp-json\/wp\/v2\/posts\/1422","targetHints":{"allow":["GET"]}}],"collection":[{"href":"https:\/\/lecture.jose-marcio.org\/blog\/wp-json\/wp\/v2\/posts"}],"about":[{"href":"https:\/\/lecture.jose-marcio.org\/blog\/wp-json\/wp\/v2\/types\/post"}],"author":[{"embeddable":true,"href":"https:\/\/lecture.jose-marcio.org\/blog\/wp-json\/wp\/v2\/users\/1"}],"replies":[{"embeddable":true,"href":"https:\/\/lecture.jose-marcio.org\/blog\/wp-json\/wp\/v2\/comments?post=1422"}],"version-history":[{"count":0,"href":"https:\/\/lecture.jose-marcio.org\/blog\/wp-json\/wp\/v2\/posts\/1422\/revisions"}],"wp:attachment":[{"href":"https:\/\/lecture.jose-marcio.org\/blog\/wp-json\/wp\/v2\/media?parent=1422"}],"wp:term":[{"taxonomy":"category","embeddable":true,"href":"https:\/\/lecture.jose-marcio.org\/blog\/wp-json\/wp\/v2\/categories?post=1422"},{"taxonomy":"post_tag","embeddable":true,"href":"https:\/\/lecture.jose-marcio.org\/blog\/wp-json\/wp\/v2\/tags?post=1422"}],"curies":[{"name":"wp","href":"https:\/\/api.w.org\/{rel}","templated":true}]}}