{"id":1546,"date":"2021-08-09T13:42:20","date_gmt":"2021-08-09T11:42:20","guid":{"rendered":"http:\/\/lecture.jose-marcio.org\/blog\/?p=1546"},"modified":"2021-08-09T13:42:20","modified_gmt":"2021-08-09T11:42:20","slug":"paul-sugy-lextinction-de-lhomme","status":"publish","type":"post","link":"https:\/\/lecture.jose-marcio.org\/blog\/2021\/08\/09\/paul-sugy-lextinction-de-lhomme\/","title":{"rendered":"Paul Sugy &#8211; L&rsquo;Extinction de l&rsquo;Homme"},"content":{"rendered":"<h2>Contre l&rsquo;id\u00e9ologie du antisp\u00e9cisme<\/h2>\n<p><img loading=\"lazy\" decoding=\"async\" class=\"size-medium wp-image-1549 alignright\" src=\"http:\/\/lecture.jose-marcio.org\/blog\/wp-content\/uploads\/2021\/08\/PaulSugy-LExtinctionDeLHomme-205x300.jpg\" alt=\"\" width=\"205\" height=\"300\" srcset=\"https:\/\/lecture.jose-marcio.org\/blog\/wp-content\/uploads\/2021\/08\/PaulSugy-LExtinctionDeLHomme-205x300.jpg 205w, https:\/\/lecture.jose-marcio.org\/blog\/wp-content\/uploads\/2021\/08\/PaulSugy-LExtinctionDeLHomme.jpg 341w\" sizes=\"auto, (max-width: 205px) 100vw, 205px\" \/>Un livre tr\u00e8s int\u00e9ressant qui montre les d\u00e9rives qui ont men\u00e9 jusqu&rsquo;\u00e0 l&rsquo;id\u00e9ologie de l&rsquo;antisp\u00e9cisme.<\/p>\n<p>Entre dispenser un traitement respectueux aux animaux et consid\u00e9rer qu&rsquo;il n&rsquo;y a pas de diff\u00e9rence entre les animaux et les humains (il n&rsquo;y a pas de esp\u00e8ces) ou de pr\u00f4ner les relations sexuelles entre esp\u00e8ces (zoophilie) si cela est \u00ab\u00a0satisfaisant\u00a0\u00bb pour les deux&#8230; il y a un pas \u00e9norme qui ne me semble pas bon franchir.<\/p>\n<p>Pour ceux qui souhaitent mieux comprendre cette id\u00e9ologie (antisp\u00e9cisme), c&rsquo;est le meilleur livre que Un livre tr\u00e8s int\u00e9ressant qui montre les d\u00e9rives qui ont men\u00e9 jusqu&rsquo;\u00e0 l&rsquo;id\u00e9ologie de l&rsquo;antisp\u00e9cisme.<\/p>\n<p>Entre dispenser un traitement respectueux aux animaux et consid\u00e9rer qu&rsquo;il n&rsquo;y a pas de diff\u00e9rence entre les animaux et les humains (il n&rsquo;y a pas de esp\u00e8ces) ou de pr\u00f4ner les relations sexuelles entre esp\u00e8ces (zoophilie) si cela est \u00ab\u00a0satisfaisant\u00a0\u00bb pour les deux&#8230; il y a un pas \u00e9norme qui ne me semble pas bon franchir.<\/p>\n<p>Pour ceux qui souhaitent mieux comprendre cette id\u00e9ologie (antisp\u00e9cisme), c&rsquo;est le meilleur livre que j&rsquo;ai lu.<\/p>\n<p>Ce livre ne va pas plaire les id\u00e9ologues du antisp\u00e9cisme, mais tant pis pour eux. Ce livre est tr\u00e8s document\u00e9, avec beaucoup de r\u00e9f\u00e9rences.<\/p>\n<p>Un autre livre tr\u00e8s int\u00e9ressant est \u00ab\u00a0La philosophie devenue folle\u00a0\u00bb de Jean-Fran\u00e7ois Braunstein, qui regroupe trois th\u00e8mes progressistes : la th\u00e9orie du genre, le antisp\u00e9cisme et la fin de vie (euthanasie).<\/p>\n<p>Au passage, il s&rsquo;agit d&rsquo;un livre \u00e9crit par un jeune journaliste (\u00c9cole Normale Sup\u00e9rieure + Sciences Po) de 25 ans. Esp\u00e9rons que ses prochains livres auront le m\u00eame niveau argumentatif et intellectuel que celui-ci. Je vais surveillerai les nouvelles parutions. j&rsquo;ai lu.<\/p>\n<p>Ce livre ne va pas plaire les id\u00e9ologues du antisp\u00e9cisme, mais tant pis pour eux. Ce livre est tr\u00e8s document\u00e9, avec beaucoup de r\u00e9f\u00e9rences.<\/p>\n<p>Un autre livre tr\u00e8s int\u00e9ressant est \u00ab\u00a0La philosophie devenue folle\u00a0\u00bb de Jean-Fran\u00e7ois Braunstein, qui regroupe trois th\u00e8mes progressistes : la th\u00e9orie du genre, le antisp\u00e9cisme et la fin de vie (euthanasie).<\/p>\n<p>Au passage, il s&rsquo;agit d&rsquo;un livre \u00e9crit par un jeune journaliste (\u00c9cole Normale Sup\u00e9rieure + Sciences Po) de 25 ans. Esp\u00e9rons que ses prochains livres auront le m\u00eame niveau argumentatif et intellectuel que celui-ci. Je vais surveillerai les nouvelles parutions.<\/p>\n<h2>Quatri\u00e8me de couverture<\/h2>\n<p>La cause animale nous pr\u00e9occupe, et d\u00e9fendre les animaux maltrait\u00e9s est l\u00e9gitime. Mais les mouvements v\u00e9gans sont travers\u00e9s par une d\u00e9rive inqui\u00e9tante : l\u2019antisp\u00e9cisme.<\/p>\n<p>Ces militants jugent que la consommation de viande est une pratique barbare, une discrimination envers les animaux qu\u2019ils comparent \u00e0 du racisme. Ce mouvement a conquis les universit\u00e9s anglo-saxonnes et commence \u00e0 peser dans l\u2019intelligentsia occidentale.<\/p>\n<p>En mettant en perspective les th\u00e8ses des antisp\u00e9cistes, Paul Sugy \u00e9claire, tout en \u00e9vitant les amalgames et les r\u00e9ductions h\u00e2tives, le projet d\u2019une d\u00e9construction de la notion d\u2019humanit\u00e9. Avec rigueur et finesse, il d\u00e9voile un risque d\u2019une ampleur in\u00e9dite : il ne s\u2019agit de rien d\u2019autre que de remettre en cause la dignit\u00e9 sup\u00e9rieure de la vie humaine. L\u2019antisp\u00e9cisme est moins selon lui une d\u00e9fense de l\u2019animal qu\u2019un r\u00e9quisitoire contre l\u2019homme.<\/p>\n<p>Un livre qui fera date.<\/p>\n","protected":false},"excerpt":{"rendered":"<p>Contre l&rsquo;id\u00e9ologie du antisp\u00e9cisme Un livre tr\u00e8s int\u00e9ressant qui montre les d\u00e9rives qui ont men\u00e9 jusqu&rsquo;\u00e0 l&rsquo;id\u00e9ologie de l&rsquo;antisp\u00e9cisme. Entre dispenser un traitement respectueux aux animaux et consid\u00e9rer qu&rsquo;il n&rsquo;y a pas de diff\u00e9rence entre les animaux et les humains<\/p>\n","protected":false},"author":1,"featured_media":0,"comment_status":"closed","ping_status":"open","sticky":false,"template":"","format":"standard","meta":{"footnotes":""},"categories":[17,21,22,19,6],"tags":[],"class_list":["post-1546","post","type-post","status-publish","format-standard","hentry","category-lecture","category-philosophie","category-politique","category-sciences","category-sociologie","comments-off"],"_links":{"self":[{"href":"https:\/\/lecture.jose-marcio.org\/blog\/wp-json\/wp\/v2\/posts\/1546","targetHints":{"allow":["GET"]}}],"collection":[{"href":"https:\/\/lecture.jose-marcio.org\/blog\/wp-json\/wp\/v2\/posts"}],"about":[{"href":"https:\/\/lecture.jose-marcio.org\/blog\/wp-json\/wp\/v2\/types\/post"}],"author":[{"embeddable":true,"href":"https:\/\/lecture.jose-marcio.org\/blog\/wp-json\/wp\/v2\/users\/1"}],"replies":[{"embeddable":true,"href":"https:\/\/lecture.jose-marcio.org\/blog\/wp-json\/wp\/v2\/comments?post=1546"}],"version-history":[{"count":0,"href":"https:\/\/lecture.jose-marcio.org\/blog\/wp-json\/wp\/v2\/posts\/1546\/revisions"}],"wp:attachment":[{"href":"https:\/\/lecture.jose-marcio.org\/blog\/wp-json\/wp\/v2\/media?parent=1546"}],"wp:term":[{"taxonomy":"category","embeddable":true,"href":"https:\/\/lecture.jose-marcio.org\/blog\/wp-json\/wp\/v2\/categories?post=1546"},{"taxonomy":"post_tag","embeddable":true,"href":"https:\/\/lecture.jose-marcio.org\/blog\/wp-json\/wp\/v2\/tags?post=1546"}],"curies":[{"name":"wp","href":"https:\/\/api.w.org\/{rel}","templated":true}]}}