{"id":1551,"date":"2021-08-10T08:52:39","date_gmt":"2021-08-10T06:52:39","guid":{"rendered":"http:\/\/lecture.jose-marcio.org\/blog\/?p=1551"},"modified":"2021-08-10T09:12:09","modified_gmt":"2021-08-10T07:12:09","slug":"sonia-mabrouk-soumission-francaise","status":"publish","type":"post","link":"https:\/\/lecture.jose-marcio.org\/blog\/2021\/08\/10\/sonia-mabrouk-soumission-francaise\/","title":{"rendered":"Sonia Mabrouk &#8211; Soumission fran\u00e7aise"},"content":{"rendered":"<h2>Un autre bon livre d&rsquo;alerte<\/h2>\n<p><img loading=\"lazy\" decoding=\"async\" class=\"size-medium wp-image-1552 alignright\" src=\"http:\/\/lecture.jose-marcio.org\/blog\/wp-content\/uploads\/2021\/08\/SoniaMabrouk-InsoumissionFrancaise-205x300.jpg\" alt=\"\" width=\"205\" height=\"300\" srcset=\"https:\/\/lecture.jose-marcio.org\/blog\/wp-content\/uploads\/2021\/08\/SoniaMabrouk-InsoumissionFrancaise-205x300.jpg 205w, https:\/\/lecture.jose-marcio.org\/blog\/wp-content\/uploads\/2021\/08\/SoniaMabrouk-InsoumissionFrancaise.jpg 232w\" sizes=\"auto, (max-width: 205px) 100vw, 205px\" \/>Ce livre, qui n&rsquo;est pas tr\u00e8s long, a deux m\u00e9rites non n\u00e9gligeables :<\/p>\n<ul>\n<li>Il r\u00e9uni plusieurs th\u00e8mes progressistes et montre leurs points communs : la d\u00e9construction de la soci\u00e9t\u00e9. Elle donne des exemples de leurs incompatibilit\u00e9s et incoh\u00e9rences;<\/li>\n<li>ces th\u00e8mes ne sont pas caract\u00e9ris\u00e9s comme des d\u00e9rives, comme on le voit dans plusieurs autres livres, mais comme des menaces \u00e0 notre soci\u00e9t\u00e9.<\/li>\n<\/ul>\n<p><em>Sonia Mabrouk<\/em> nous appelle \u00e0 l&rsquo;insoumission \u00e0 ces tendances id\u00e9ologiques.<\/p>\n<p>Ce livre m\u00e9riterait, probablement, un petit chapitre aussi sur l&rsquo;antisp\u00e9cisme, m\u00eame s&rsquo;il est mentionn\u00e9 rapidement. Je me suis demand\u00e9 aussi s&rsquo;il ne fallait traiter les sujets avec plus de profondeur, mais pas s\u00fbr que ce soit une bonne id\u00e9e. Par contre, il aurait \u00e9t\u00e9 bien d&rsquo;avoir un peu plus de r\u00e9f\u00e9rences.<\/p>\n<p>Enfin, <em>last but not least<\/em>, j&rsquo;aime souvent regarder la derni\u00e8re phrase des livres. Celle ci est spectaculaire :<\/p>\n<blockquote><p>Ayons le courage de renouer avec le tragique de l&rsquo;Histoire. Ayons foi en nos figures h\u00e9ro\u00efques. Ayons le regard accroch\u00e9 aux cimes. Ayons l&rsquo;audace de porter fi\u00e8rement l&rsquo;h\u00e9ritage occidental et, plus singuli\u00e8rement, le roman tricolore. Je le dis avec d&rsquo;autant plus de force que, cet h\u00e9ritage, j&rsquo;ai appris \u00e0 le conna\u00eetre, que, cette histoire, j&rsquo;ai appris \u00e0 l&rsquo;aimer depuis ma Tunisie natale. On peut \u00eatre n\u00e9e ailleurs et d\u00e9fendre avec force le r\u00eave fran\u00e7ais et, au-del\u00e0, la civilisation. L&rsquo;heure de la soumission est venue.<\/p><\/blockquote>\n<p>Ce qui a de spectaculaire dans cette citation est qu&rsquo;elle n&rsquo;est pas n\u00e9e en France et d\u00e9montre aimer ce pays beaucoup plus que nombreux fran\u00e7ais de souche. C&rsquo;est aussi mon cas et c&rsquo;est pour cela que je trouve cette phrase extraordinaire.<\/p>\n<h2>Quatri\u00e8me de couverture<\/h2>\n<p><em>\u00ab Une civilisation meurt juste par lassitude, par d\u00e9go\u00fbt d&rsquo;elle-m\u00eame \u00bb<\/em>, \u00e9crit Michel Houellebecq. Alors que l&rsquo;effondrement civilisationnel nous guette, Sonia Mabrouk passe au scalpel id\u00e9ologique les acteurs qui menacent notre \u00e9quilibre soci\u00e9tal et propose un nouveau Sacr\u00e9 autour duquel se retrouver : la France.<\/p>\n<p>Autrefois minoritaires, six groupes mettent en p\u00e9ril la soci\u00e9t\u00e9 telle que nous la connaissons et l&rsquo;avons construite, en \u00e9tendant de mani\u00e8re tentaculaire leur influence \u00e0 la fois politique, th\u00e9orique ou th\u00e9ologique : les d\u00e9coloniaux, les anti-s\u00e9curitaires pavloviens, les f\u00e9ministes primaires, les \u00e9cologistes radicaux, les fous du genrisme et les islamo-compatibles.<\/p>\n<p>Au-del\u00e0 de leurs simples revendications qui occupent aujourd&rsquo;hui de plus en plus l&rsquo;espace public, Sonia Mabrouk s&rsquo;inqui\u00e8te de la fa\u00e7on dont la rapide jonction de ces groupes et la convergence de leurs int\u00e9r\u00eats amenuisent le d\u00e9bat d\u00e9mocratique et acc\u00e9l\u00e8rent \u00e0 vitesse grand V la machine \u00e0 fabriquer des tensions identitaires. Car l&rsquo;\u00c9tat, autrefois fort et intransigeant, recule devant cette conscience victimaire et r\u00e9volutionnaire grandissante au d\u00e9triment de l&rsquo;intelligence collective et du bon sens.<\/p>\n<p>Face \u00e0 ce \u00ab renoncement civilisationnel \u00bb, Sonia Mabrouk sonne la fin de l&rsquo;insoumission et en appelle au peuple fran\u00e7ais : il temps de s&rsquo;opposer \u00e0 ces \u00ab d\u00e9constructeurs \u00bb en renouant avec l&rsquo;Histoire et le go\u00fbt de la fiert\u00e9 et en exaltant la part de sacr\u00e9 qui existe en chacun : l&rsquo;\u00e2me de la France.<\/p>\n<p>&nbsp;<\/p>\n","protected":false},"excerpt":{"rendered":"<p>Un autre bon livre d&rsquo;alerte Ce livre, qui n&rsquo;est pas tr\u00e8s long, a deux m\u00e9rites non n\u00e9gligeables : Il r\u00e9uni plusieurs th\u00e8mes progressistes et montre leurs points communs : la d\u00e9construction de la soci\u00e9t\u00e9. Elle donne des exemples de leurs<\/p>\n","protected":false},"author":1,"featured_media":0,"comment_status":"closed","ping_status":"open","sticky":false,"template":"","format":"standard","meta":{"footnotes":""},"categories":[17,22,6],"tags":[],"class_list":["post-1551","post","type-post","status-publish","format-standard","hentry","category-lecture","category-politique","category-sociologie","comments-off"],"_links":{"self":[{"href":"https:\/\/lecture.jose-marcio.org\/blog\/wp-json\/wp\/v2\/posts\/1551","targetHints":{"allow":["GET"]}}],"collection":[{"href":"https:\/\/lecture.jose-marcio.org\/blog\/wp-json\/wp\/v2\/posts"}],"about":[{"href":"https:\/\/lecture.jose-marcio.org\/blog\/wp-json\/wp\/v2\/types\/post"}],"author":[{"embeddable":true,"href":"https:\/\/lecture.jose-marcio.org\/blog\/wp-json\/wp\/v2\/users\/1"}],"replies":[{"embeddable":true,"href":"https:\/\/lecture.jose-marcio.org\/blog\/wp-json\/wp\/v2\/comments?post=1551"}],"version-history":[{"count":0,"href":"https:\/\/lecture.jose-marcio.org\/blog\/wp-json\/wp\/v2\/posts\/1551\/revisions"}],"wp:attachment":[{"href":"https:\/\/lecture.jose-marcio.org\/blog\/wp-json\/wp\/v2\/media?parent=1551"}],"wp:term":[{"taxonomy":"category","embeddable":true,"href":"https:\/\/lecture.jose-marcio.org\/blog\/wp-json\/wp\/v2\/categories?post=1551"},{"taxonomy":"post_tag","embeddable":true,"href":"https:\/\/lecture.jose-marcio.org\/blog\/wp-json\/wp\/v2\/tags?post=1551"}],"curies":[{"name":"wp","href":"https:\/\/api.w.org\/{rel}","templated":true}]}}