{"id":1591,"date":"2020-05-29T16:38:31","date_gmt":"2020-05-29T14:38:31","guid":{"rendered":"http:\/\/lecture.jose-marcio.org\/blog\/?p=1591"},"modified":"2022-03-07T13:56:12","modified_gmt":"2022-03-07T12:56:12","slug":"marc-crapez-defense-du-bon-sens","status":"publish","type":"post","link":"https:\/\/lecture.jose-marcio.org\/blog\/2020\/05\/29\/marc-crapez-defense-du-bon-sens\/","title":{"rendered":"Marc Crapez &#8211; D\u00e9fense du bon sens"},"content":{"rendered":"<h2>Les \u00ab\u00a0intellectuels\u00a0\u00bb et le bon sens&#8230;<\/h2>\n<p><img loading=\"lazy\" decoding=\"async\" class=\"size-medium wp-image-1593 alignright\" src=\"http:\/\/lecture.jose-marcio.org\/blog\/wp-content\/uploads\/2021\/08\/MarcCrapez-DefenseDuBonSens-189x300.jpg\" alt=\"\" width=\"189\" height=\"300\" srcset=\"https:\/\/lecture.jose-marcio.org\/blog\/wp-content\/uploads\/2021\/08\/MarcCrapez-DefenseDuBonSens-189x300.jpg 189w, https:\/\/lecture.jose-marcio.org\/blog\/wp-content\/uploads\/2021\/08\/MarcCrapez-DefenseDuBonSens.jpg 250w\" sizes=\"auto, (max-width: 189px) 100vw, 189px\" \/>L&rsquo;auteur oppose le \u00ab\u00a0bon sens\u00a0\u00bb au raisonnement purement intellectuel.<\/p>\n<p>Le bon sens, c&rsquo;est l&rsquo;intuition, la perception spontan\u00e9e. Une d\u00e9marche de perception et prise de d\u00e9cision qui ne d\u00e9pend pas de la connaissance scientifique ou intellectuelle.<\/p>\n<p>N&rsquo;importe qui, m\u00eame un analphab\u00e8te, peut arriver \u00e0 des conclusions tout \u00e0 fait acceptables dans un certain nombre de cas de la vie courante. Pas besoin d&rsquo;\u00eatre <em>\u00ab\u00a0sorti de Saint-Cyr\u00a0\u00bb<\/em>.<\/p>\n<p>Pourtant, le bon sens ou le sens communs, ne sont pas \u00e0 n\u00e9gliger.<\/p>\n<p>En fait, l&rsquo;auteur s&rsquo;en prend \u00e0 un une certaine cat\u00e9gorie d&rsquo;intellectuels, dont en t\u00eate Pierre Bourdieu, qui stigmatise le bon sens.<\/p>\n<p>En fait, la discussion doit bien avoir sa place. Un juste milieu doit \u00eatre trouv\u00e9. le bon sens et tout ce qui vient de la culture populaire n&rsquo;est pas inutile. Et la sagesse n&rsquo;est pas un privil\u00e8ge d&rsquo;une \u00e9lite intellectuelle.<\/p>\n<p>C&rsquo;est un livre court, qui se lit d&rsquo;un trait avec, parfois, un humour d\u00e9capant et juste. Et que je le relirai tr\u00e8s certainement.<\/p>\n<h2>Quatri\u00e8me de couverture<\/h2>\n<p>Doit-on disqualifier le bon sens ? Les intellectuels autoproclam\u00e9s l&rsquo;affirment. D&rsquo;Erasme \u00e0 Orwell pourtant, la plupart des \u00e9crivains et des savants ont de tout temps accord\u00e9 de la valeur au sens commun.<\/p>\n<p>Contrairement aux intellectuels, les hommes d&rsquo;\u00e9tude et de r\u00e9flexion veulent sauvegarder les droits du bon sens. Lui seul pr\u00e9serve de l&rsquo;esprit de syst\u00e8me et de son cort\u00e8ge d&rsquo;id\u00e9es probl\u00e9matiques, fragiles ou fausses. Entre la connaissance courante et la compr\u00e9hension scientifique, s&rsquo;agite le demi-savoir irraisonn\u00e9 des intellectuels. C&rsquo;est \u00e0 partir du XXe si\u00e8cle que le bon sens se trouve d\u00e9l\u00e9gitim\u00e9 et Pierre Bourdieu fut, dans le dernier quart de ce si\u00e8cle, l&rsquo;une des figures les plus flamboyantes de ce parti des intellectuels qui stigmatisent le sens commun. Trois explications principales se superposent : le retour d&rsquo;une id\u00e9ologie politique anti-pr\u00e9jug\u00e9s, l&rsquo;hostilit\u00e9 de certains c\u00e9nacles contre les lieux communs, et un parti pris pseudo-scientifique d\u00e9pr\u00e9ciant la perception spontan\u00e9e. Les enjeux de la controverse du sens commun sont multiples. Il est li\u00e9, par exemple, avec le sens moral et avec le sens civique.<\/p>\n<p>Retracer cette dispute du bon sens revient \u00e0 \u00e9tablir une g\u00e9n\u00e9alogie de la libert\u00e9 d&rsquo;esprit, face \u00e0 une mentalit\u00e9 dogmatique r\u00e9guli\u00e8rement r\u00e9activ\u00e9e par un personnage bien connu de la philosophie et de la litt\u00e9rature : le p\u00e9dant ou faux savant, le Trissotin de Moli\u00e8re.<\/p>\n<p>Ce petit manuel de survie nous invite \u00e0 red\u00e9couvrir la pens\u00e9e classique et \u00e0 sourire d&rsquo;un des principaux ridicules du temps. Il offrira un peu d&rsquo;air frais \u00e0 l&rsquo;honn\u00eate homme qui souhaite r\u00e9sister \u00e0 l&rsquo;ignorance et \u00e0 l&rsquo;arrogance des intellectuels. L&rsquo;ampleur des connaissances mobilis\u00e9es et l&rsquo;acuit\u00e9 des analyses propos\u00e9es destinent ce livre passionnant \u00e0 s&rsquo;imposer dans la dur\u00e9e comme une r\u00e9f\u00e9rence incontournable.<\/p>\n","protected":false},"excerpt":{"rendered":"<p>Les \u00ab\u00a0intellectuels\u00a0\u00bb et le bon sens&#8230; L&rsquo;auteur oppose le \u00ab\u00a0bon sens\u00a0\u00bb au raisonnement purement intellectuel. Le bon sens, c&rsquo;est l&rsquo;intuition, la perception spontan\u00e9e. Une d\u00e9marche de perception et prise de d\u00e9cision qui ne d\u00e9pend pas de la connaissance scientifique ou<\/p>\n","protected":false},"author":1,"featured_media":0,"comment_status":"closed","ping_status":"open","sticky":false,"template":"","format":"standard","meta":{"footnotes":""},"categories":[17,6],"tags":[],"class_list":["post-1591","post","type-post","status-publish","format-standard","hentry","category-lecture","category-sociologie","comments-off"],"_links":{"self":[{"href":"https:\/\/lecture.jose-marcio.org\/blog\/wp-json\/wp\/v2\/posts\/1591","targetHints":{"allow":["GET"]}}],"collection":[{"href":"https:\/\/lecture.jose-marcio.org\/blog\/wp-json\/wp\/v2\/posts"}],"about":[{"href":"https:\/\/lecture.jose-marcio.org\/blog\/wp-json\/wp\/v2\/types\/post"}],"author":[{"embeddable":true,"href":"https:\/\/lecture.jose-marcio.org\/blog\/wp-json\/wp\/v2\/users\/1"}],"replies":[{"embeddable":true,"href":"https:\/\/lecture.jose-marcio.org\/blog\/wp-json\/wp\/v2\/comments?post=1591"}],"version-history":[{"count":0,"href":"https:\/\/lecture.jose-marcio.org\/blog\/wp-json\/wp\/v2\/posts\/1591\/revisions"}],"wp:attachment":[{"href":"https:\/\/lecture.jose-marcio.org\/blog\/wp-json\/wp\/v2\/media?parent=1591"}],"wp:term":[{"taxonomy":"category","embeddable":true,"href":"https:\/\/lecture.jose-marcio.org\/blog\/wp-json\/wp\/v2\/categories?post=1591"},{"taxonomy":"post_tag","embeddable":true,"href":"https:\/\/lecture.jose-marcio.org\/blog\/wp-json\/wp\/v2\/tags?post=1591"}],"curies":[{"name":"wp","href":"https:\/\/api.w.org\/{rel}","templated":true}]}}