{"id":1700,"date":"2021-10-07T17:58:47","date_gmt":"2021-10-07T15:58:47","guid":{"rendered":"http:\/\/lecture.jose-marcio.org\/blog\/?p=1700"},"modified":"2021-10-11T23:22:08","modified_gmt":"2021-10-11T21:22:08","slug":"gerald-bronner-apocalypse-cognitive","status":"publish","type":"post","link":"https:\/\/lecture.jose-marcio.org\/blog\/2021\/10\/07\/gerald-bronner-apocalypse-cognitive\/","title":{"rendered":"G\u00e9rald Bronner &#8211; Apocalypse cognitive"},"content":{"rendered":"<p><img loading=\"lazy\" decoding=\"async\" class=\"size-full wp-image-1701 alignright\" src=\"http:\/\/lecture.jose-marcio.org\/blog\/wp-content\/uploads\/2021\/10\/GeraldBronner-ApocalypseCognitive.jpg\" alt=\"\" width=\"193\" height=\"293\" \/>C&rsquo;est un livre tr\u00e8s dense. Un d\u00e9veloppement minutieux et original. Difficile de faire une fiche de lecture.<\/p>\n<p>En fait, il faut surtout retenir l&rsquo;id\u00e9e principal de ce livre, son fil conducteur.<\/p>\n<p>Nous avons tous un \u00ab\u00a0capital cognitif\u00a0\u00bb constitu\u00e9 par notre \u00ab\u00a0temps de disponibilit\u00e9 du cerveau\u00a0\u00bb. Prenez les 24 heures de votre journ\u00e9e, enlevez les temps de travail, de transport, des corv\u00e9es, de sommeil, et vous aurez le nombre d&rsquo;heures ou minutes auxquels vous pouvez d\u00e9dier \u00e0 vos activit\u00e9s cognitives, \u00e0 votre d\u00e9veloppement intellectuel, aux moments de r\u00e9flexion.<\/p>\n<p>Si vous pouvez utiliser ce capital temps comme vous voulez, des tiers essayent d&rsquo;en prendre possession en attirant votre attention, vidant ainsi votre capital.<\/p>\n<p>Avec ce fil conducteur, G\u00e9rald Bronner analyse aussi exhaustivement que possible les tactiques utilis\u00e9es pour r\u00e9cup\u00e9rer votre temps de cerveau disponible.<\/p>\n<p>\u00c7a peut \u00eatre les r\u00e9seaux sociaux o\u00f9 vous voyez, en permanence, des publicit\u00e9s et que, au passage, on r\u00e9cup\u00e8re vos donn\u00e9es personnels qui seront utilis\u00e9s par ailleurs. Les publicit\u00e9s qui vous inciteront \u00e0 acheter tel ou tel produit, les n\u00e9o-populistes, les fake news, etc, etc&#8230;<\/p>\n<p>A une \u00e9poque o\u00f9 l&rsquo;information est, ou devrait \u00eatre facilement accessible, on se trouve dans une situation de saturation o\u00f9 notre temps de cerveau disponible se trouve \u00e9puis\u00e9. Il nous alerte sur les dangers de cette situation.<\/p>\n<p>Il ne propose pas vraiment de solutions et il est conscient de la difficult\u00e9. Par exemple, difficile de trouver une solution aux \u00ab\u00a0fake news\u00a0\u00bb sans limiter la libert\u00e9 d&rsquo;expression.<\/p>\n<p>G\u00e9rald Bronner, je le classe un peu comme un \u00ab\u00a0touche \u00e0 tout\u00a0\u00bb puisque dans ses livres, et pas juste celui-ci, il aborde des aspects aussi bien sociologiques que psychologiques et neurologiques.<\/p>\n<p>Ce livre est tr\u00e8s dense tr\u00e8s document\u00e9 avec une \u00e9norme quantit\u00e9 de r\u00e9f\u00e9rences. C&rsquo;est plus qu&rsquo;un essai. Pour bien le lire, il faut prendre son temps. M\u00eame s&rsquo;il s&rsquo;agit d&rsquo;un livre que se lit facilement, il faut se donner le temps de la r\u00e9flexion tout au long de la lecture.<\/p>\n<h2>Quatri\u00e8me de couverture<\/h2>\n<p>La situation est in\u00e9dite. Jamais, dans l&rsquo;histoire de l&rsquo;humanit\u00e9, nous n&rsquo;avons dispos\u00e9 d&rsquo;autant d&rsquo;informations et jamais nous n&rsquo;avons eu autant de temps libre pour y puiser loisir et connaissance du monde. Nos pr\u00e9d\u00e9cesseurs en avaient r\u00eav\u00e9 : la science et la technologie lib\u00e9reraient l&rsquo;humanit\u00e9. Mais ce r\u00eave risque d\u00e9sormais de tourner au cauchemar. Le d\u00e9ferlement d&rsquo;informations a entra\u00een\u00e9 une concurrence g\u00e9n\u00e9ralis\u00e9e de toutes les id\u00e9es, une d\u00e9r\u00e9gulation du \u00ab march\u00e9 cognitif \u00bb qui a une f\u00e2cheuse cons\u00e9quence : capter, souvent pour le pire, le pr\u00e9cieux tr\u00e9sor de notre attention. Nos esprits subissent l&rsquo;envo\u00fbtement des \u00e9crans et s&rsquo;abandonnent aux mille visages de la d\u00e9raison. Victime d&rsquo;un pillage en r\u00e8gle, notre esprit est au coeur d&rsquo;un enjeu dont d\u00e9pend notre avenir. Ce contexte inqui\u00e9tant d\u00e9voile certaines des aspirations profondes de l&rsquo;humanit\u00e9. L&rsquo;heure de la confrontation avec notre propre nature aurait-elle sonn\u00e9 ? De la fa\u00e7on dont nous r\u00e9agirons d\u00e9pendront les possibilit\u00e9s d&rsquo;\u00e9chapper \u00e0 ce qu&rsquo;il faut bien appeler une menace civilisationnelle.<\/p>\n<p>C&rsquo;est le r\u00e9cit de cet enjeu historique que propose le nouveau livre \u00e9v\u00e9nement de G\u00e9rald Bronner.<\/p>\n<p>G\u00e9rald Bronner est professeur de sociologie \u00e0 l&rsquo;Universit\u00e9 de Paris, membre de l&rsquo;Acad\u00e9mie des technologies et de l&rsquo;Acad\u00e9mie nationale de m\u00e9decine. Il a publi\u00e9 plusieurs ouvrages couronn\u00e9s par de nombreux prix. Son dernier ouvrage paru est Cabinet de curiosit\u00e9s sociales (collection \u00ab Quadrige \u00bb, Puf, 2020).<\/p>\n","protected":false},"excerpt":{"rendered":"<p>C&rsquo;est un livre tr\u00e8s dense. Un d\u00e9veloppement minutieux et original. Difficile de faire une fiche de lecture. En fait, il faut surtout retenir l&rsquo;id\u00e9e principal de ce livre, son fil conducteur. Nous avons tous un \u00ab\u00a0capital cognitif\u00a0\u00bb constitu\u00e9 par notre<\/p>\n","protected":false},"author":1,"featured_media":0,"comment_status":"closed","ping_status":"open","sticky":false,"template":"","format":"standard","meta":{"footnotes":""},"categories":[17,21,22,23,6],"tags":[],"class_list":["post-1700","post","type-post","status-publish","format-standard","hentry","category-lecture","category-philosophie","category-politique","category-psychologie","category-sociologie","comments-off"],"_links":{"self":[{"href":"https:\/\/lecture.jose-marcio.org\/blog\/wp-json\/wp\/v2\/posts\/1700","targetHints":{"allow":["GET"]}}],"collection":[{"href":"https:\/\/lecture.jose-marcio.org\/blog\/wp-json\/wp\/v2\/posts"}],"about":[{"href":"https:\/\/lecture.jose-marcio.org\/blog\/wp-json\/wp\/v2\/types\/post"}],"author":[{"embeddable":true,"href":"https:\/\/lecture.jose-marcio.org\/blog\/wp-json\/wp\/v2\/users\/1"}],"replies":[{"embeddable":true,"href":"https:\/\/lecture.jose-marcio.org\/blog\/wp-json\/wp\/v2\/comments?post=1700"}],"version-history":[{"count":0,"href":"https:\/\/lecture.jose-marcio.org\/blog\/wp-json\/wp\/v2\/posts\/1700\/revisions"}],"wp:attachment":[{"href":"https:\/\/lecture.jose-marcio.org\/blog\/wp-json\/wp\/v2\/media?parent=1700"}],"wp:term":[{"taxonomy":"category","embeddable":true,"href":"https:\/\/lecture.jose-marcio.org\/blog\/wp-json\/wp\/v2\/categories?post=1700"},{"taxonomy":"post_tag","embeddable":true,"href":"https:\/\/lecture.jose-marcio.org\/blog\/wp-json\/wp\/v2\/tags?post=1700"}],"curies":[{"name":"wp","href":"https:\/\/api.w.org\/{rel}","templated":true}]}}