{"id":2019,"date":"2022-01-24T21:16:35","date_gmt":"2022-01-24T20:16:35","guid":{"rendered":"http:\/\/lecture.jose-marcio.org\/blog\/?p=2019"},"modified":"2022-01-26T05:44:25","modified_gmt":"2022-01-26T04:44:25","slug":"marc-desaubliaux-un-homme-sans-volonte","status":"publish","type":"post","link":"https:\/\/lecture.jose-marcio.org\/blog\/2022\/01\/24\/marc-desaubliaux-un-homme-sans-volonte\/","title":{"rendered":"Marc Desaubliaux &#8211; Un homme sans volont\u00e9"},"content":{"rendered":"<p><img loading=\"lazy\" decoding=\"async\" class=\"size-medium wp-image-2021 alignright\" src=\"http:\/\/lecture.jose-marcio.org\/blog\/wp-content\/uploads\/2022\/01\/MarcDesaubliaux-UnHommeSansVolonte-201x300.jpg\" alt=\"\" width=\"201\" height=\"300\" srcset=\"https:\/\/lecture.jose-marcio.org\/blog\/wp-content\/uploads\/2022\/01\/MarcDesaubliaux-UnHommeSansVolonte-201x300.jpg 201w, https:\/\/lecture.jose-marcio.org\/blog\/wp-content\/uploads\/2022\/01\/MarcDesaubliaux-UnHommeSansVolonte-687x1024.jpg 687w, https:\/\/lecture.jose-marcio.org\/blog\/wp-content\/uploads\/2022\/01\/MarcDesaubliaux-UnHommeSansVolonte-768x1145.jpg 768w, https:\/\/lecture.jose-marcio.org\/blog\/wp-content\/uploads\/2022\/01\/MarcDesaubliaux-UnHommeSansVolonte-1030x1536.jpg 1030w, https:\/\/lecture.jose-marcio.org\/blog\/wp-content\/uploads\/2022\/01\/MarcDesaubliaux-UnHommeSansVolonte-1373x2048.jpg 1373w, https:\/\/lecture.jose-marcio.org\/blog\/wp-content\/uploads\/2022\/01\/MarcDesaubliaux-UnHommeSansVolonte.jpg 1716w\" sizes=\"auto, (max-width: 201px) 100vw, 201px\" \/><\/p>\n<p>C&rsquo;est un roman, disons, r\u00e9cit d&rsquo;une vie suppos\u00e9e rat\u00e9e.<\/p>\n<p>Les personnages, tous de l&rsquo;aristocratie ou haute bourgeoisie. Le personnage principal, Louis, est un, \u00e0 la fois, introverti et timide. Ces deux caract\u00e9ristiques ne vont pas toujours ensemble, mais quand c&rsquo;est le cas, \u00e7a donne des choses comme dans ce roman.<\/p>\n<p>Ce livre raconte des morceaux de l&rsquo;enfance, jeunesse et adolescence de Louis, personnage avec plein d&rsquo;envies mais incapable de prendre des d\u00e9cisions. Il rate des occasions, il rate un \u00e9ventuel mariage avec une copine avec qui il a eu une aventure tr\u00e8s intime, Carole-Anne.<\/p>\n<p>Il se montre capable d&rsquo;avoir des actions os\u00e9es, comme les relations intimes qu&rsquo;il a avec CarAnne ou son voyage en URSS. Mais c&rsquo;est toujours \u00e0 l&rsquo;initiative de l&rsquo;autre, jamais de lui-m\u00eame.<\/p>\n<p>Les coups de col\u00e8re sont m\u00eame typiques de ce type de personnalit\u00e9 : introverti et timide. Il reconna\u00eet ses limitations, il voit passer les opportunit\u00e9s rat\u00e9es &#8211; il encaisse, il encaisse et fini par avoir besoin de d\u00e9fouler.<\/p>\n<p>Il se sent mal compris dans ce qu&rsquo;il fait. Ceci appara\u00eet bien dans ses tableaux, certes appr\u00e9ci\u00e9s, mais dont imparfait aux yeux des autres. Avec du tact on pourrait le convaincre d&rsquo;aller plus loin &#8211; M. de Br\u00e9tilly a ce tact.<\/p>\n<p>Finalement, il laisse tomber la peinture et suit le chemin pr\u00e9vu dans sa famille &#8211; la Charge de son p\u00e8re. Celui-ci reconnaissant la faiblesse de son fils, d\u00e9signe son beau-fils comme directeur g\u00e9n\u00e9ral et son fils comme son adjoint.<\/p>\n<p>Son ind\u00e9cision fait que ce n&rsquo;est pas lui qui m\u00e8ne sa vie mais la vie qui lui m\u00e8ne.<\/p>\n<p>Sa vie fait est une des d\u00e9clinaisons possibles de la vie des surdou\u00e9s. L&rsquo;auteur ne dit pas, ou a voulu laisser au lecteur de l&rsquo;interpr\u00e9ter.<\/p>\n<p>40 ans apr\u00e8s, il rencontre CarAnne&#8230; un \u00e9change anodin, des souvenirs reviennent&#8230; puis s&rsquo;en vont&#8230;<\/p>\n<p>Je ne pouvais pas ne pas remarquer le style du narrateur par rapport \u00e0 Louis. Assez souvent, il parle de Louis, en d\u00e9but de chapitre, \u00e0 la troisi\u00e8me personne, puis il passe \u00e0 la premi\u00e8re personne dans le m\u00eame chapitre. Dans les chapitres o\u00f9 il n&rsquo;est question que de Louis, c&rsquo;est parfois le chapitre entier \u00e0 la premi\u00e8re personne.<\/p>\n<p>La mention \u00e0 un \u00ab\u00a0pseudo-attentat\u00a0\u00bb commit par des russes ainsi que l&rsquo;arrestation de la famille russe qu&rsquo;il a visit\u00e9 n&rsquo;ajoutent rien au contenu du livre, d&rsquo;autant plus qu&rsquo;il n&rsquo;y a aucune suite. Je n&rsquo;ai pas vu l&rsquo;int\u00e9r\u00eat.<\/p>\n<p>J&rsquo;ai beaucoup aim\u00e9 ce romain, mais je remarque au passage que la mise en forme aurait pu \u00eatre un peu plus soign\u00e9e. C&rsquo;est juste une remarque de forme qui n&rsquo;enl\u00e8ve en rien la qualit\u00e9 du contenu. Une probable caract\u00e9ristique des petits \u00e9diteurs. Cette pinaille est peut-\u00eatre m\u00eame une qualit\u00e9 face \u00e0 l&rsquo;industrialisation de la litt\u00e9rature.<\/p>\n<h2>Citations<\/h2>\n<p>(p. 162)<\/p>\n<blockquote><p>Elle repose sa t\u00eate sur l&rsquo;oreiller du lit et fixa son regard sur celui du gar\u00e7on.<br \/>\n&#8211; Le probl\u00e8me avec toi, Louis, c\u2019est que toi aussi tu fuis mais sans prendre la m\u00eame direction que moi. On n&rsquo;arrive jamais \u00e0 savoir ce que tu penses.<br \/>\n&#8211; Mais non, ce n&rsquo;est pas \u00e7a&#8230;<br \/>\n&#8211; Alors c&rsquo;est quoi ?<br \/>\n&#8211; Je n&rsquo;en sais rien. C&rsquo;est pas facile de r\u00e9pondre, c&rsquo;est tout. Moi j&rsquo;arrive pas \u00e0 comprendre si c&rsquo;est blanc ou noir, l&rsquo;un ou l&rsquo;autre, l&rsquo;un et l&rsquo;autre, l&rsquo;un contre l&rsquo;autre. J&rsquo;arrive pas. Je dois \u00eatre con. J&rsquo;aime bien ce qu&rsquo;on fait tous les deux mais pourtant, apr\u00e8s, j&rsquo;\u00e9prouve de la honte !<br \/>\n&#8211; Trop facile. Ose dire ce que tu penses, bon Dieux !<br \/>\n&#8211; Mais le probl\u00e8me c&rsquo;est que je ne pense pas.<br \/>\nCarole-Anne se leva pour prendre un autre paquet de cigarettes et revint s&rsquo;allonger pour fumer.<br \/>\n&#8211; T&rsquo;en veux une autre ?<br \/>\n&#8211; Merci. Je n&rsquo;ai plus envie.<br \/>\nLe bruit du briquet. La flamme, la premi\u00e8re fum\u00e9e, l&rsquo;odeur forte. Le souffle de l&rsquo;expiration, le petit nuage montant.<br \/>\n&#8211; Finalement, t&rsquo;es un trouillard. T&rsquo;as peur d&rsquo;aimer, t&rsquo;as peur de tout !<\/p><\/blockquote>\n<p>(p.248)<\/p>\n<blockquote><p>&#8211; Je suis ainsi fait que je ne veux pas ce que je peux avoir et je veux ce qui est impossible \u00e0 avoir. Maintenant que CarAnne est mari\u00e9e je regrette d\u00e9j\u00e0 que ce ne soit pas avec moi.<\/p><\/blockquote>\n<h2>Quatri\u00e8me de couverture<\/h2>\n<p>\u00abJe m\u2019ennuie depuis toujours. Une vie toute trac\u00e9e avec des r\u00e8gles. Des conversations r\u00e9p\u00e9titives. Les semaines durent des si\u00e8cles. Jamais je n\u2019ai r\u00e9ussi \u00e0 trouver la moindre issue \u00e0 cette mort lente. J\u2019ai pourtant essay\u00e9 par la violence et la peinture, mais \u00e7a n\u2019a rien donn\u00e9. Un manque de volont\u00e9 ? Ou le poids \u00e9crasant des conventions ? Je regarde les autres vivre et s\u2019amuser&#8230; Je n\u2019appartiens pas \u00e0 leur monde. Je ne sais toujours pas qui je suis. J\u2019ai bien un nom, un corps, mais qu\u2019y a-t-il \u00e0 l\u2019int\u00e9rieur ? Des courants contraires m\u2019entra\u00eenent dans un sens puis dans un autre. Je ne suis m\u00eame pas devenu vieux, car je n\u2019ai jamais \u00e9t\u00e9 jeune. Ma solitude augmente quand il y a du monde autour de moi. Je vis \u00e0 c\u00f4t\u00e9 d\u2019eux. Des paroles sortent de ma bouche, ce ne sont pas les bonnes. Celles que je voudrais dire demeurent coll\u00e9es au fond de ma gorge. Alors je fais l\u2019acteur et j\u2019attends&#8230; La solitude&#8230; Et le pire, celle qui sera toujours la m\u00eame au moment de mourir \u00bb.<\/p>\n","protected":false},"excerpt":{"rendered":"<p>C&rsquo;est un roman, disons, r\u00e9cit d&rsquo;une vie suppos\u00e9e rat\u00e9e. Les personnages, tous de l&rsquo;aristocratie ou haute bourgeoisie. Le personnage principal, Louis, est un, \u00e0 la fois, introverti et timide. Ces deux caract\u00e9ristiques ne vont pas toujours ensemble, mais quand c&rsquo;est<\/p>\n","protected":false},"author":1,"featured_media":0,"comment_status":"open","ping_status":"open","sticky":false,"template":"","format":"standard","meta":{"footnotes":""},"categories":[25,17,23],"tags":[],"class_list":["post-2019","post","type-post","status-publish","format-standard","hentry","category-litterature","category-lecture","category-psychologie","comments-off"],"_links":{"self":[{"href":"https:\/\/lecture.jose-marcio.org\/blog\/wp-json\/wp\/v2\/posts\/2019","targetHints":{"allow":["GET"]}}],"collection":[{"href":"https:\/\/lecture.jose-marcio.org\/blog\/wp-json\/wp\/v2\/posts"}],"about":[{"href":"https:\/\/lecture.jose-marcio.org\/blog\/wp-json\/wp\/v2\/types\/post"}],"author":[{"embeddable":true,"href":"https:\/\/lecture.jose-marcio.org\/blog\/wp-json\/wp\/v2\/users\/1"}],"replies":[{"embeddable":true,"href":"https:\/\/lecture.jose-marcio.org\/blog\/wp-json\/wp\/v2\/comments?post=2019"}],"version-history":[{"count":0,"href":"https:\/\/lecture.jose-marcio.org\/blog\/wp-json\/wp\/v2\/posts\/2019\/revisions"}],"wp:attachment":[{"href":"https:\/\/lecture.jose-marcio.org\/blog\/wp-json\/wp\/v2\/media?parent=2019"}],"wp:term":[{"taxonomy":"category","embeddable":true,"href":"https:\/\/lecture.jose-marcio.org\/blog\/wp-json\/wp\/v2\/categories?post=2019"},{"taxonomy":"post_tag","embeddable":true,"href":"https:\/\/lecture.jose-marcio.org\/blog\/wp-json\/wp\/v2\/tags?post=2019"}],"curies":[{"name":"wp","href":"https:\/\/api.w.org\/{rel}","templated":true}]}}