{"id":2120,"date":"2022-03-23T00:18:55","date_gmt":"2022-03-22T23:18:55","guid":{"rendered":"http:\/\/lecture.jose-marcio.org\/blog\/?p=2120"},"modified":"2022-04-01T14:55:08","modified_gmt":"2022-04-01T12:55:08","slug":"gerald-steinacher-les-nazis-en-fuite","status":"publish","type":"post","link":"https:\/\/lecture.jose-marcio.org\/blog\/2022\/03\/23\/gerald-steinacher-les-nazis-en-fuite\/","title":{"rendered":"Gerald Steinacher &#8211; Les nazis en fuite"},"content":{"rendered":"<p><img loading=\"lazy\" decoding=\"async\" class=\"size-medium wp-image-2121 alignright\" src=\"http:\/\/lecture.jose-marcio.org\/blog\/wp-content\/uploads\/2022\/03\/GeraldSteinacher-LesNazisEnFuite-193x300.jpg\" alt=\"\" width=\"193\" height=\"300\" srcset=\"https:\/\/lecture.jose-marcio.org\/blog\/wp-content\/uploads\/2022\/03\/GeraldSteinacher-LesNazisEnFuite-193x300.jpg 193w, https:\/\/lecture.jose-marcio.org\/blog\/wp-content\/uploads\/2022\/03\/GeraldSteinacher-LesNazisEnFuite.jpg 321w\" sizes=\"auto, (max-width: 193px) 100vw, 193px\" \/>Le nombre de criminels nazis qui n&rsquo;ont pas \u00e9t\u00e9 inqui\u00e9t\u00e9s par la justice est \u00e9norme : des milliers. Certains on pu \u00eatre rattrap\u00e9s par des \u00ab\u00a0chasseurs\u00a0\u00bb qui ont d\u00e9di\u00e9 leur vie \u00e0 les chercher. Les plus connus sont probablement Simon Wiesenthal et Serge et Beate Klarsfeld. S\u00fbrement trop nombreux pour \u00eatre tous pris, mais cette t\u00e2che \u00e9tait n\u00e9cessaire, au moins de savoir comment ils se sont \u00e9chapp\u00e9s, ils se sont cach\u00e9s, ce qu&rsquo;ils sont devenus et qui les a prot\u00e9g\u00e9.<\/p>\n<p>Ceci est le sujet de ce livre, en particulier ceux qui sont pass\u00e9s par L&rsquo;Italie arrivant par le Tyrol du Sud.<\/p>\n<p>Certains pays alli\u00e9s, les vainqueurs, surtout les \u00c9tats Unis et la Russie, mais pas la France, se sont servi de certains \u00ab\u00a0cerveaux\u00a0\u00bb allemands. Le plus grand exemple est Wernher von Braun, ing\u00e9nieur, officier SS, qui est \u00e0 l&rsquo;origine des fus\u00e9es V2. Recrut\u00e9, d&rsquo;autres ing\u00e9nieurs allemands sous ses ordres, par les am\u00e9ricains et naturalis\u00e9 am\u00e9ricain dans les ann\u00e9es 50, il a particip\u00e9 au programme spatial am\u00e9ricain. On peut dire que \u00e7a a \u00e9t\u00e9 un bon recrutement.<\/p>\n<p>Le Tyrol est une r\u00e9gion frontali\u00e8re avec l&rsquo;Allemagne et couvrant partie de l&rsquo;Autriche et de l&rsquo;Italie. Facile \u00e0 comprendre pourquoi cette r\u00e9gion a \u00e9t\u00e9 devenue un point de passage important pour les r\u00e9fugi\u00e9s qui n&rsquo;avaient pas grande chose utile de leur pass\u00e9 \u00e0 offrir.<\/p>\n<p>Toutes les conditions \u00e9taient r\u00e9unies pour que le Tyrol et l&rsquo;Italie deviennent le point de passage privil\u00e9gi\u00e9 : une partie de la population du Tyrol qui \u00e9tait germanophone, dont une partie \u00e9tait sympathisante du nazisme, un flot cons\u00e9quent de r\u00e9fugi\u00e9s, la Croix Rouge qui ne pouvait pas enqu\u00eater sue le pass\u00e9 de chaque demandeur de billet de voyage, le Vatican dans le but de lutter contre le ath\u00e9isme communiste intervenait parfois pour parrainer ceux qui se disaient des fervents catholiques et, aussi des passeurs qui se faisaient de l&rsquo;argent avec tout \u00e7a.<\/p>\n<p>La destination la plus recherch\u00e9e \u00e9tait l&rsquo;Argentine, gouvern\u00e9e par le G\u00e9n\u00e9ral P\u00e9ron, et qui pour se moderniser \u00e9tait pr\u00eate \u00e0 accepter des r\u00e9fugi\u00e9s, sans trop regarder le pass\u00e9 des migrants. Une partie est rest\u00e9e en Argentine et d&rsquo;autres ont utilis\u00e9 l&rsquo;Argentine comme pont pour aller au Br\u00e9sil, Chili ou Bolivie. Certains sont pass\u00e9s par l&rsquo;Italie pour aller directement en Syrie ou en \u00c9gypte.<\/p>\n<p>Ce sont les grandes lignes d\u00e9velopp\u00e9es dans ce livre, avec beaucoup de d\u00e9tail sur les proc\u00e9dures et les cas. C&rsquo;est un travail de recherche tr\u00e8s minutieux (ce sont 380 pages de contenu plus 80 pages de notes et bibliographie).<\/p>\n<p>Il s&rsquo;agit, parait-il, d&rsquo;un travail original. Peu de historiens se sont pench\u00e9s sur ce sujet avec une minutie aussi importante. On le voit bien par le nombre de notes et de documents et archives consult\u00e9s.<\/p>\n<h2>Citations<\/h2>\n<p>(p.385)<\/p>\n<blockquote><p>Une soci\u00e9t\u00e9 qui peut affronter les \u00e9pisodes sombres de son histoire est capable d&rsquo;en tirer les le\u00e7ons, et ainsi de se m\u00e9nager un avenir meilleur.<\/p><\/blockquote>\n<p>(p.385)<\/p>\n<blockquote><p>L&rsquo;\u00e9crivain autrichien Martin Pollack explique de fa\u00e7on concise l&rsquo;int\u00e9r\u00eat qu&rsquo;il y a \u00e0 m\u00e9diter un pass\u00e9 historique reconstruit avec pr\u00e9cision : \u00ab\u00a0Nous ne pouvons aller au-devant des fant\u00f4mes du pass\u00e9 sans transparence. Toute tentative visant \u00e0 les \u00e9vacuer, \u00e0 les faire dispara\u00eetre en gardant le silence, en fermant les yeux ou en se bouchant les oreilles est in\u00e9vitablement vou\u00e9e \u00e0 l&rsquo;\u00e9chec.\u00a0\u00bb<\/p><\/blockquote>\n<h2>Quatri\u00e8me de couverture<\/h2>\n<p>Entre la fin de la Seconde Guerre mondiale et le d\u00e9but des ann\u00e9es 1950, plusieurs dizaines de criminels de guerre nazis sont parvenus \u00e0 fuir l&rsquo;Allemagne et \u00e0 \u00e9chapper \u00e0 la justice internationale. Quelles fili\u00e8res ont-ils suivi ? De quelles complicit\u00e9s ont-ils joui ? O\u00f9 ont-ils trouv\u00e9 refuge ? Gerald Steinacher d\u00e9m\u00eale ici le vrai du faux, laissant de c\u00f4t\u00e9 fantasmes et th\u00e9ories du complot, pour nous offrir un r\u00e9cit saisissant de la fuite des s\u00e9ides de Hitler les plus convaincus, ou les plus compromis.<br \/>\nLe r\u00e9sultat de son enqu\u00eate est \u00e9difiant : les fili\u00e8res d&rsquo;\u00e9vasion passent par le Tyrol, pour rejoindre ensuite les ports italiens et, au-del\u00e0, le continent sud-am\u00e9ricain. Les fugitifs \u2013 Adolf Eichmann, Josef Mengele ou encore Klaus Barbie \u2013 b\u00e9n\u00e9ficient de papiers d&rsquo;identit\u00e9 de la Croix-Rouge, du soutien du Vatican et de la protection de la CIA. C&rsquo;est que, dans le cadre de la guerre froide en gestation, les puissances occidentales d&rsquo;apr\u00e8s-guerre avaient de nombreuses motivations pour exfiltrer d&rsquo;anciens nazis, de la p\u00e9nurie de personnel de renseignements \u00e0 la lutte contre le \u00a0\u00bb communisme ath\u00e9e \u00ab\u00a0. Par cette enqu\u00eate passionnante, o\u00f9 la r\u00e9alit\u00e9 d\u00e9passe souvent la fiction, l&rsquo;auteur retrace avec finesse ce moment d&rsquo;histoire effarant.<\/p>\n","protected":false},"excerpt":{"rendered":"<p>Le nombre de criminels nazis qui n&rsquo;ont pas \u00e9t\u00e9 inqui\u00e9t\u00e9s par la justice est \u00e9norme : des milliers. Certains on pu \u00eatre rattrap\u00e9s par des \u00ab\u00a0chasseurs\u00a0\u00bb qui ont d\u00e9di\u00e9 leur vie \u00e0 les chercher. Les plus connus sont probablement Simon<\/p>\n","protected":false},"author":1,"featured_media":0,"comment_status":"closed","ping_status":"open","sticky":false,"template":"","format":"standard","meta":{"footnotes":""},"categories":[24,17],"tags":[],"class_list":["post-2120","post","type-post","status-publish","format-standard","hentry","category-histoire","category-lecture","comments-off"],"_links":{"self":[{"href":"https:\/\/lecture.jose-marcio.org\/blog\/wp-json\/wp\/v2\/posts\/2120","targetHints":{"allow":["GET"]}}],"collection":[{"href":"https:\/\/lecture.jose-marcio.org\/blog\/wp-json\/wp\/v2\/posts"}],"about":[{"href":"https:\/\/lecture.jose-marcio.org\/blog\/wp-json\/wp\/v2\/types\/post"}],"author":[{"embeddable":true,"href":"https:\/\/lecture.jose-marcio.org\/blog\/wp-json\/wp\/v2\/users\/1"}],"replies":[{"embeddable":true,"href":"https:\/\/lecture.jose-marcio.org\/blog\/wp-json\/wp\/v2\/comments?post=2120"}],"version-history":[{"count":0,"href":"https:\/\/lecture.jose-marcio.org\/blog\/wp-json\/wp\/v2\/posts\/2120\/revisions"}],"wp:attachment":[{"href":"https:\/\/lecture.jose-marcio.org\/blog\/wp-json\/wp\/v2\/media?parent=2120"}],"wp:term":[{"taxonomy":"category","embeddable":true,"href":"https:\/\/lecture.jose-marcio.org\/blog\/wp-json\/wp\/v2\/categories?post=2120"},{"taxonomy":"post_tag","embeddable":true,"href":"https:\/\/lecture.jose-marcio.org\/blog\/wp-json\/wp\/v2\/tags?post=2120"}],"curies":[{"name":"wp","href":"https:\/\/api.w.org\/{rel}","templated":true}]}}