{"id":2124,"date":"2022-03-24T17:11:17","date_gmt":"2022-03-24T16:11:17","guid":{"rendered":"http:\/\/lecture.jose-marcio.org\/blog\/?p=2124"},"modified":"2022-03-25T23:03:51","modified_gmt":"2022-03-25T22:03:51","slug":"chantal-delsol-et-myriam-revault-dallonnes-ainsi-meurt-la-democratie","status":"publish","type":"post","link":"https:\/\/lecture.jose-marcio.org\/blog\/2022\/03\/24\/chantal-delsol-et-myriam-revault-dallonnes-ainsi-meurt-la-democratie\/","title":{"rendered":"Chantal Delsol et Myriam Revault d&rsquo;Allonnes &#8211; Ainsi meurt la d\u00e9mocratie"},"content":{"rendered":"<p><img loading=\"lazy\" decoding=\"async\" class=\"size-medium wp-image-2127 alignright\" src=\"http:\/\/lecture.jose-marcio.org\/blog\/wp-content\/uploads\/2022\/03\/ChantalDelsol-AinsiMeurtLaDemocratie-187x300.jpg\" alt=\"\" width=\"187\" height=\"300\" srcset=\"https:\/\/lecture.jose-marcio.org\/blog\/wp-content\/uploads\/2022\/03\/ChantalDelsol-AinsiMeurtLaDemocratie-187x300.jpg 187w, https:\/\/lecture.jose-marcio.org\/blog\/wp-content\/uploads\/2022\/03\/ChantalDelsol-AinsiMeurtLaDemocratie.jpg 311w\" sizes=\"auto, (max-width: 187px) 100vw, 187px\" \/><\/p>\n<p>Il s&rsquo;agit d&rsquo;un (pseudo) d\u00e9bat sur les raisons pourquoi la d\u00e9mocratie serait en train de mourir, pr\u00e9sent\u00e9 sous la forme d&rsquo;un \u00e9change \u00e9pistolaire.<\/p>\n<p>Ce sont deux \u00ab\u00a0grosses pointures\u00a0\u00bb de la philosophie politique, quoique de mouvances politiques oppos\u00e9es. Ce serait un tort de leur attacher des \u00e9tiquettes, puisqu&rsquo;elles sont ind\u00e9pendantes, pensent par elles m\u00eames, mais je dirais que Chantal Delsol serait plut\u00f4t proche de la mouvance Conservatrice-Lib\u00e9rale tandis que Myriam Revault de la mouvance Progressiste. \u00c7a permet de situer le type de vision de chacune.<\/p>\n<p>Il ne s&rsquo;agissait pas, bien entendu, d&rsquo;une convaincre l&rsquo;autre : toutes les deux ont d\u00e9j\u00e0 r\u00e9fl\u00e9chi sur le sujet pendant s\u00fbrement plus de 40 (voir 50) ans (l&rsquo;une a 74 ans et l&rsquo;autre 79), mais de donner \u00e0 chacune l&rsquo;opportunit\u00e9 de confronter ses opinions et de les pr\u00e9senter au lecteur. \u00c7a change des livres qui ne pr\u00e9sentent qu&rsquo;un c\u00f4t\u00e9, qu&rsquo;un des points de vue.<\/p>\n<p>On ne peut pas dire qu&rsquo;il y a eu un gagnant dans le d\u00e9bat, mais j&rsquo;avoue avoir \u00e9t\u00e9 plus convaincu par Chantal Delsol que par Myriam Revault.<\/p>\n<p>Chantal Delsol a, tout au long de la discussion, pr\u00e9sent\u00e9 ses opinions et r\u00e9pondu \u00e0 celles de Myriam Revault tandis que cette derni\u00e8re, assez souvent, a envoy\u00e9 des piques que j&rsquo;ai estim\u00e9 inutiles, parfois avec une certaine arrogance, auxquels Chantal Delsol ne s&rsquo;est pas donn\u00e9 la peine de r\u00e9pondre.<\/p>\n<p>Mais plus grave, Myriam a voulu mettre sous la plume de Chantal des propos que celle-ci n&rsquo;a pas tenu, avec des arguments hors propos. Le plus criant para\u00eet dans r\u00e9ponse de Myriam \u00e0 la page 117 (voir citation). Ce n&rsquo;est pas du tout les propos de Chantal Delsol. D\u00e9veloppons !<\/p>\n<p>Chantal Delsol cite le probl\u00e8me de ghetto\u00efsation de certaines communaut\u00e9s d&rsquo;immigr\u00e9s. Je ne vais pas red\u00e9velopper, mais Chantal estime que c&rsquo;est un r\u00e9el probl\u00e8me mais dont il est quasiment interdit d&rsquo;en parler \u00e0 cause d&rsquo;un certain \u00ab\u00a0politiquement correct\u00a0\u00bb. Or, Chantal estime que c&rsquo;est bien que certains, dont Zemmour ou Le Pen, en parlent. Toutefois, Chantal ne dit pas partager leurs avis et leurs solutions, bien au contraire.<\/p>\n<p>Myriam semble ne pas avoir compris les propos de Chantal et pr\u00e9sente des arguments hors propos qui me semblent, peut-\u00eatre, d\u00e9noncer un petit penchant antis\u00e9mite.<\/p>\n<p>Chantal n&rsquo;a pas parl\u00e9 des juifs. Il est s\u00fbr qu&rsquo;il y a des juifs (cas particuliers) qui ne sont pas irr\u00e9prochables, de la m\u00eame fa\u00e7on qu&rsquo;il y a aussi des fran\u00e7ais (cas particuliers), des musulmans (cas particuliers) et que sais-je d&rsquo;autres&#8230; Mais je ne vois pas ce que l&rsquo;affaire Dreyfus vient voir la dedans et, m\u00eame, soulever des doutes sur cette affaire vieille de plus de 100 ans me semble plut\u00f4t relever du complotisme.<\/p>\n<p>Sur l&rsquo;inhumation des enfants Sandler, il faut tenir compte de la situation exceptionnelle : ils ont \u00e9t\u00e9 assassin\u00e9s par Mohamed Merah, un crime qui rel\u00e8ve aussi bien du terrorisme et du antis\u00e9mitisme. Je ne vois pas non plus de raison pour l&rsquo;expression \u00ab\u00a0ind\u00e9crottable\u00a0\u00bb. Et, pour finir, Myriam passe en silence le fait que la famille du terroriste Mohamed Merah voulait l&rsquo;inhumer en Alg\u00e9rie et si cela n&rsquo;a pas pu \u00eatre comme \u00e7a c&rsquo;est juste parce que la ville en Alg\u00e9rie l&rsquo;a refus\u00e9.<\/p>\n<p>Bref, ceci pour dire que j&rsquo;ai trouv\u00e9 l&rsquo;argumentation de Chantal Delsol bien plus coh\u00e9rente et int\u00e9ressante que celle de Myriam Revault.<\/p>\n<h2>Citations<\/h2>\n<p>(p.11) Myriam Revault D&rsquo;Allonnes<\/p>\n<blockquote><p>En mars 2020, lors de l&rsquo;enqu\u00eate men\u00e9e par le Cevipof pour \u00e9tablissement du barom\u00e8tre de la confiance politique 41 % des personnes interrog\u00e9es adh\u00e9raient \u00e0 la proposition selon laquelle \u00ab\u00a0en d\u00e9mocratie rien n&rsquo;avance, il vaudrait mieux moins de d\u00e9mocratie et plus d&rsquo;efficacit\u00e9.\u00a0\u00bb<\/p><\/blockquote>\n<p>(p. 20)<\/p>\n<blockquote><p>Et vous avez raison de dire que toute note pens\u00e9e politique, en Occident aujourd&rsquo;hui fait l&rsquo;\u00e9loge de la techno-politique. Cela est antid\u00e9mocratique et marque bien la mise \u00e0 mal des principes premiers. Et de plusieurs fa\u00e7ons. Le propre de la d\u00e9mocratie est de consid\u00e9rer que le bien commun d&rsquo;une soci\u00e9t\u00e9 n&rsquo;est pas une donn\u00e9e certaine, scientifique mais une affaire d&rsquo;opinion, de vision du monde, donc incertaine et toujours discutable. Si on part du principe, au contraire, que le bien commun est technique, fruit de la comp\u00e9tence, alors il n&rsquo;y a qu&rsquo;une d\u00e9cision possible (c&rsquo;est le TINA de nos \u00e9lites bruxelloises: There Is No Alternative). D\u00e8s lors, le gouvernement se change en gouvernance, ou g\u00e9rance administrative, pour mettre en \u0153uvre la seule \u00ab\u00a0solution\u00a0\u00bb possible.<\/p><\/blockquote>\n<p>(p. 73)<\/p>\n<blockquote><p>Ch\u00e8re Chantal,<br \/>\nMerci de votre r\u00e9ponse qui, malheureusement ne me satisfait gu\u00e8re, mais qui a au moins le m\u00e9rite de mettre en \u00e9vidence la profondeur de nos d\u00e9saccords. \u00c9videmment, nous pouvons toujours nous entendre sur l&rsquo;id\u00e9e que nous tenons \u00e0 la d\u00e9mocratie, que nous la jugeons pr\u00e9f\u00e9rable \u00e0 toute autre forme de soci\u00e9t\u00e9, mais il s&rsquo;agit d&rsquo;un consensus tellement vague sur un signifiant flottant qu&rsquo;il ne nous avance pas \u00e0 grand-chose.<\/p><\/blockquote>\n<p>(p.117) Myriam Revault D&rsquo;Allonnes<\/p>\n<blockquote><p>Vous pensez que Zemmour ou autres Le Pen exag\u00e8rent dans la forme, mais qu&rsquo;ils osent traiter des \u00ab\u00a0vraies questions\u00a0\u00bb. Leur \u00ab\u00a0radicalit\u00e9\u00a0\u00bb, leur \u00ab\u00a0vulgarit\u00e9\u00a0\u00bb, leur \u00ab\u00a0d\u00e9mesure\u00a0\u00bb font que la convenance nous interdit d&rsquo;adh\u00e9rer \u00e0 leurs positions. Ils manquent vraiment de \u00ab\u00a0mani\u00e8res\u00a0\u00bb ! Malheureusement, vous n&rsquo;\u00eates pas la seule \u00e0 consid\u00e9rer qu&rsquo;on peut faire bon usage de leurs propos. Ils parlent de ce dont il faut parler et surtout ils offrent des r\u00e9ponses siples en d\u00e9signant le responsable de tous nos maux : l&rsquo;immigr\u00e9, le musulman, comme autrefois le juif.<\/p>\n<p>D&rsquo;ailleurs, le juif n&rsquo;est pas si irr\u00e9prochable, comme en t\u00e9moignent les doutes qui subsistent sur l&rsquo;innocence de Dreyfus ou la d\u00e9plorable inhumation loin de notre territoire national de ces ind\u00e9crottables \u00e9trangers qu&rsquo;\u00e9taient les enfants Sandler.<\/p><\/blockquote>\n<h2>Quatri\u00e8me de couverture<\/h2>\n<p>D\u00e9mocratie. Le mot court sur toutes les bouches, se jette au visage de l&rsquo;adversaire \u00e0 l&rsquo;occasion des d\u00e9bats les plus insignifiants. L&rsquo;exigence d\u00e9mocratique s&rsquo;est enlis\u00e9e et perdue dans les jeux politiciens, l&rsquo;indiff\u00e9rence des paresses citoyennes, l&rsquo;hostilit\u00e9 de ceux qui souhaitent sa disparition. Si le mot est vid\u00e9 de son sens, la chose peut-elle encore survivre ?<\/p>\n<p>Les deux philosophes Chantal Delsol et Myriam Revault d&rsquo;Allonnes, tout en affirmant leurs profondes divergences sur ce th\u00e8me d&rsquo;actualit\u00e9 qui divise notre soci\u00e9t\u00e9, parviennent \u00e0 dialoguer avec clart\u00e9 et respect, selon les principes de notre collection \u00ab\u00a0Disputatio\u00a0\u00bb.<\/p>\n","protected":false},"excerpt":{"rendered":"<p>Il s&rsquo;agit d&rsquo;un (pseudo) d\u00e9bat sur les raisons pourquoi la d\u00e9mocratie serait en train de mourir, pr\u00e9sent\u00e9 sous la forme d&rsquo;un \u00e9change \u00e9pistolaire. Ce sont deux \u00ab\u00a0grosses pointures\u00a0\u00bb de la philosophie politique, quoique de mouvances politiques oppos\u00e9es. Ce serait un<\/p>\n","protected":false},"author":1,"featured_media":0,"comment_status":"closed","ping_status":"open","sticky":false,"template":"","format":"standard","meta":{"footnotes":""},"categories":[17,21,22],"tags":[],"class_list":["post-2124","post","type-post","status-publish","format-standard","hentry","category-lecture","category-philosophie","category-politique","comments-off"],"_links":{"self":[{"href":"https:\/\/lecture.jose-marcio.org\/blog\/wp-json\/wp\/v2\/posts\/2124","targetHints":{"allow":["GET"]}}],"collection":[{"href":"https:\/\/lecture.jose-marcio.org\/blog\/wp-json\/wp\/v2\/posts"}],"about":[{"href":"https:\/\/lecture.jose-marcio.org\/blog\/wp-json\/wp\/v2\/types\/post"}],"author":[{"embeddable":true,"href":"https:\/\/lecture.jose-marcio.org\/blog\/wp-json\/wp\/v2\/users\/1"}],"replies":[{"embeddable":true,"href":"https:\/\/lecture.jose-marcio.org\/blog\/wp-json\/wp\/v2\/comments?post=2124"}],"version-history":[{"count":0,"href":"https:\/\/lecture.jose-marcio.org\/blog\/wp-json\/wp\/v2\/posts\/2124\/revisions"}],"wp:attachment":[{"href":"https:\/\/lecture.jose-marcio.org\/blog\/wp-json\/wp\/v2\/media?parent=2124"}],"wp:term":[{"taxonomy":"category","embeddable":true,"href":"https:\/\/lecture.jose-marcio.org\/blog\/wp-json\/wp\/v2\/categories?post=2124"},{"taxonomy":"post_tag","embeddable":true,"href":"https:\/\/lecture.jose-marcio.org\/blog\/wp-json\/wp\/v2\/tags?post=2124"}],"curies":[{"name":"wp","href":"https:\/\/api.w.org\/{rel}","templated":true}]}}