{"id":2150,"date":"2022-04-09T01:06:23","date_gmt":"2022-04-08T23:06:23","guid":{"rendered":"http:\/\/lecture.jose-marcio.org\/blog\/?p=2150"},"modified":"2022-04-09T22:44:11","modified_gmt":"2022-04-09T20:44:11","slug":"eric-lysoe-la-dimension-heisenberg","status":"publish","type":"post","link":"https:\/\/lecture.jose-marcio.org\/blog\/2022\/04\/09\/eric-lysoe-la-dimension-heisenberg\/","title":{"rendered":"Eric Lysoe &#8211; La dimension Heisenberg"},"content":{"rendered":"<p><img loading=\"lazy\" decoding=\"async\" class=\"size-medium wp-image-2152 alignright\" src=\"http:\/\/lecture.jose-marcio.org\/blog\/wp-content\/uploads\/2022\/04\/EricLysoe-LaDimensionHeisenberg-211x300.jpg\" alt=\"\" width=\"211\" height=\"300\" srcset=\"https:\/\/lecture.jose-marcio.org\/blog\/wp-content\/uploads\/2022\/04\/EricLysoe-LaDimensionHeisenberg-211x300.jpg 211w, https:\/\/lecture.jose-marcio.org\/blog\/wp-content\/uploads\/2022\/04\/EricLysoe-LaDimensionHeisenberg-722x1024.jpg 722w, https:\/\/lecture.jose-marcio.org\/blog\/wp-content\/uploads\/2022\/04\/EricLysoe-LaDimensionHeisenberg-768x1090.jpg 768w, https:\/\/lecture.jose-marcio.org\/blog\/wp-content\/uploads\/2022\/04\/EricLysoe-LaDimensionHeisenberg-1082x1536.jpg 1082w, https:\/\/lecture.jose-marcio.org\/blog\/wp-content\/uploads\/2022\/04\/EricLysoe-LaDimensionHeisenberg-1443x2048.jpg 1443w, https:\/\/lecture.jose-marcio.org\/blog\/wp-content\/uploads\/2022\/04\/EricLysoe-LaDimensionHeisenberg.jpg 1804w\" sizes=\"auto, (max-width: 211px) 100vw, 211px\" \/>Ce livre est partie d&rsquo;une tr\u00e8s bonne id\u00e9e : les nazis ont trouv\u00e9 un moyen d&rsquo;utiliser un monde parall\u00e8le en plus du monde r\u00e9el. Dans ce monde parall\u00e8le ils ont construit un prototype de ce qui serait le centre de recherche et de fabrication des fus\u00e9es V1 et V2.<\/p>\n<p>Pas r\u00e9aliste bien s\u00fbr, mais c&rsquo;est de la science fiction et c&rsquo;est un bon d\u00e9part.<\/p>\n<p>Ce livre plaira certainement \u00e0 beaucoup de lecteurs, mais le scientifique pointilleux et chiant que je suis n&rsquo;a pas trouv\u00e9 le plaisir de lecture attendu. Cette lecture a \u00e9t\u00e9 un vrai martyre.<\/p>\n<p>\u00c7a se passe en 1941, et \u00e7a commence par une rencontre entre le physicien nazi Werner Heisenberg et le danois Niels Bohr. Cette rencontre a effectivement eu lieu et, pendant un certain temps il y a une controverse sur l&rsquo;objet de la rencontre. Cette rencontre est d\u00e9crite dans le livre \u00ab\u00a0Les savants d&rsquo;Hitler\u00a0\u00bb, de John Cornwell.<\/p>\n<p>Donc, lors de cette rencontre, Heisenberg explique \u00e0 Niels Bohr comment se rendre dans cet univers parall\u00e8le et Niels Bohr r\u00e9cup\u00e8re un objet, un tesseract, permettant sous certaines conditions de passer vers l&rsquo;autre monde. Niels Bohr va juste exp\u00e9rimenter voir s&rsquo;ouvrir le passage vers l&rsquo;autre monde et observer une conf\u00e9rence donn\u00e9e par un autre scientifique nazie de l&rsquo;\u00e9poque : Wernher Von Braun. Puis demande \u00e0 son majordome de jeter l&rsquo;objet \u00e0 la poubelle.<\/p>\n<p>Le majordome de Niels Bohr le r\u00e9cup\u00e8re et, voulant conqu\u00e9rir la nouvelle gouvernante de Niels Bohr, une belle italienne, il d\u00e9cide de traverser la barri\u00e8re pour r\u00e9cup\u00e9rer le fianc\u00e9 de cette derni\u00e8re, un juif italien qui, partant vers les \u00c9tats Unis aurait pu se trouver dans cet univers parall\u00e8le (La Dimension Heisenberg). Comme quoi, on ajoute un deuxi\u00e8me univers au notre, et le monde devient plus petit&#8230;<\/p>\n<p>En passant vers l&rsquo;autre monde, il se mue dans le corps d&rsquo;un scientifique nazi, officier SS, tout en gardant sa personnalit\u00e9 de majordome, juif en plus. Et petit \u00e0 petit, la personnalit\u00e9 de l&rsquo;officier nazi prend possession de lui. On oscille entre la science fiction et les ph\u00e9nom\u00e8nes paranormaux.<\/p>\n<p>Sans parler de la vitesse \u00e9poustouflante avec laquelle notre majordome, qui n&rsquo;\u00e9tait pas encore poss\u00e9d\u00e9 par le scientifique nazi, est devenu un expert en physique quantique. Wow !!!<\/p>\n<p>Sacr\u00e9 co\u00efncidence, parmi les dizaines de milliers de personnes pr\u00e9sents dans le campus parall\u00e8le, celui qu&rsquo;il doit sauver est justement un de ses trois collaborateurs.<\/p>\n<p>Assez rapidement, de la mission de sauvetage du fianc\u00e9, notre vaillant majordome arbore un plan pour la destruction du campus Dora de l&rsquo;univers parall\u00e8le.<\/p>\n<p>Int\u00e9ressant que son esclave juive fait partie d&rsquo;un r\u00e9seau de partisans qui se communiquent par un petit appareil terminal. Or, le composant \u00e9lectronique dit transistor n&rsquo;a pas \u00e9t\u00e9 invent\u00e9 qu&rsquo;en 1947 et les premi\u00e8res applications ne sont apparues que dans les ann\u00e9es 50. Donc, avant le transistor, tout \u00e9quipement \u00e9lectronique fonctionnait avec des tubes, et donc, grand volume. Pas grave puisque c&rsquo;est de la science fiction. Par contre, \u00e9tonnant de voir \u00e7a alors que le livre ne mentionne aucun autre appareil \u00e9lectronique avec un avance technologique similaire, \u00e0 l&rsquo;exception d&rsquo;un train qui pourrait ressembler \u00e0 notre TGV.<\/p>\n<p>Apr\u00e8s&#8230; parlons des \u00eatres \u00e9lectriques de lumi\u00e8re&#8230; \u00c7a m&rsquo;a fait penser aux aliens de \u00ab\u00a0Perdus dans l&rsquo;Espace\u00a0\u00bb, une s\u00e9rie des ann\u00e9es 60 avec la famille Robinson et le m\u00e9chant docteur Zachary Smith.<\/p>\n<p>Dans le chapitre 36, \u00ab\u00a0Math\u00e9matiques \u00e9l\u00e9mentaires\u00a0\u00bb, il d\u00e9crit comment ses grands savants en physique quantique calculent le volume de verre dans un coffret de verre. Donc, prend l&rsquo;\u00e9paisseur du verre (0,7 cm) et l&rsquo;on multiplie par par la surface de chaque face : 6 fois 13 cm. Ce qui donne 709,8 cm3. Pour des savants, ceci est digne d&rsquo;une \u00ab\u00a0Perle du bac\u00a0\u00bb, puisque dans ce cas, il aura compte deux fois le volume de chaque ar\u00eate du cube. La fa\u00e7on correcte, et m\u00eame plus simple, serait de calculer le volume du ext\u00e9rieur (13x13x13 : 2197 cm3) et d\u00e9duire le volume du cube form\u00e9 par la cavit\u00e9 (11,6&#215;11,6&#215;11,6 : 1560,9 cm3), ce qui fait 636,1 cm3. L&rsquo;auteur n&rsquo;avait pas besoin de faire ce calcul, mais vu qu&rsquo;il a voulu le faire, il aurait fallu le faire correctement.<\/p>\n<p>Un matheux pointilleux ne raterait pas cette bourde. Ce qui est pire est que d\u00e9tailler ce calcul n&rsquo;apporte rien \u00e0 la trame. \u00c7a ne fait qu&rsquo;ajouter des lignes inutiles \u00e0 une lecture d\u00e9j\u00e0 p\u00e9nible. Un manque de respect envers des lecteurs un peu plus dou\u00e9s en maths.<\/p>\n<p>Apr\u00e8s, il y a des choses qui tra\u00eenent en longueur, sans que cela soit utile ou en vrai rapport avec l&rsquo;intrigue, et la lecture devient une torture.<\/p>\n<p>En ce qui concerne le volet \u00ab\u00a0psychologique\u00a0\u00bb dont on parle dans la quatri\u00e8me de couverture, il y a des sc\u00e8nes de tr\u00e8s grande violence mais qui, \u00e0 mon avis, rel\u00e8vent de la psychopathologie tr\u00e8s lourde, voir criminelle.<\/p>\n<p>C&rsquo;est vraiment dommage puisque l&rsquo;id\u00e9e de d\u00e9part est tr\u00e8s int\u00e9ressante mais la r\u00e9alisation l&rsquo;a compl\u00e8tement g\u00e2ch\u00e9e.<\/p>\n<h2>Citations<\/h2>\n<p>(p. 7 citation)<\/p>\n<blockquote><p>Je n&rsquo;ajouterai rien \u00e0 la r\u00e9putation de Pablo Casals en tant que grand artiste. Elle fait unanimit\u00e9 parmi les experts. Mais ce que j&rsquo;admire particuli\u00e8rement chez lui, c&rsquo;est sa force de caract\u00e8re et son attitude non seulement \u00e0 l&rsquo;encontre des oppresseurs de son peuple, mais aussi \u00e0 l&rsquo;encontre de ces nombreux opportunistes qu&rsquo;on voit toujours pr\u00eats \u00e0 pactiser avec le diable. Il a clairement d\u00e9montr\u00e9 que le monde est plus menac\u00e9 par ceux qui tol\u00e8rent ou qui soutiennent le mal que par les malfaiteurs eux-m\u00eames<\/p>\n<p style=\"text-align: right;\">Albert Einstein, Princeton, 30 mars 1953<\/p>\n<\/blockquote>\n<p>(p. 13)<\/p>\n<blockquote><p>Ah : lui faire revivre l&rsquo;esp\u00e8ce de coup de foudre qui l&rsquo;avait saisie face \u00e0 ce spectacle de la violence animale : Savez-vous que le r\u00e9flexe de mordre, de d\u00e9vorer son partenaire, propre \u00e0 certaines b\u00eates, s&rsquo;est \u00e9dulcor\u00e9 chez l&rsquo;homme sous la forme du baiser ?<\/p><\/blockquote>\n<p>(p.303)<\/p>\n<blockquote><p>Le temps passe sur chaque chose et la rend moins importante, moins n\u00e9cessaire \u00e0 l&rsquo;existence du marin ou \u00e0 celle du simple voyageur. Qui se soucie \u00e0 pr\u00e9sent de cette pauvre \u00e9toile ? Mais regarde celle-l\u00e0&#8230;<\/p><\/blockquote>\n<h2>Quatri\u00e8me de couverture<\/h2>\n<p>Qui peut se targuer d&rsquo;\u00eatre vraiment libre ?<\/p>\n<p>Confront\u00e9s malgr\u00e9 nous \u00e0 une situation historique particuli\u00e8re, nous subissons l\u2019influence des autres et la pression de nos traumatismes. Nous r\u00e9sistons en vain \u00e0 l&rsquo;apparente dualit\u00e9 d\u2019un monde qui nous impose de choisir un camp, et nos vies entrent si vivement en collision avec celles des autres que nous risquons \u00e0 chaque instant de nous perdre.<\/p>\n<p>La Dimension Heisenberg est une fiction historique sombre, qui s\u2019ouvre sur la rencontre~\u2013~bien r\u00e9elle~\u2013~entre Niels Bohr et Werner Heisenberg en septembre 1941. Ce roman m\u00eale fantastique et science-fiction pour mettre en lumi\u00e8re les m\u00e9canismes \u00e9labor\u00e9s par les individus dans l\u2019espoir d&rsquo;\u00e9chapper \u00e0 la violence.<\/p>\n<p>Plongez dans un espace-temps inconnu organis\u00e9 autour des recherches scientifiques nazies, un monde de faux-semblants o\u00f9 nul n&rsquo;est ce qu&rsquo;il pr\u00e9tend \u00eatre. Une seule solution pour parvenir \u00e0 se retrouver : laisser tomber les masques un \u00e0 un et rassembler tout son courage pour briser ses cha\u00eenes.<\/p>\n","protected":false},"excerpt":{"rendered":"<p>Ce livre est partie d&rsquo;une tr\u00e8s bonne id\u00e9e : les nazis ont trouv\u00e9 un moyen d&rsquo;utiliser un monde parall\u00e8le en plus du monde r\u00e9el. Dans ce monde parall\u00e8le ils ont construit un prototype de ce qui serait le centre de<\/p>\n","protected":false},"author":1,"featured_media":0,"comment_status":"closed","ping_status":"open","sticky":false,"template":"","format":"standard","meta":{"footnotes":""},"categories":[25,17],"tags":[],"class_list":["post-2150","post","type-post","status-publish","format-standard","hentry","category-litterature","category-lecture","comments-off"],"_links":{"self":[{"href":"https:\/\/lecture.jose-marcio.org\/blog\/wp-json\/wp\/v2\/posts\/2150","targetHints":{"allow":["GET"]}}],"collection":[{"href":"https:\/\/lecture.jose-marcio.org\/blog\/wp-json\/wp\/v2\/posts"}],"about":[{"href":"https:\/\/lecture.jose-marcio.org\/blog\/wp-json\/wp\/v2\/types\/post"}],"author":[{"embeddable":true,"href":"https:\/\/lecture.jose-marcio.org\/blog\/wp-json\/wp\/v2\/users\/1"}],"replies":[{"embeddable":true,"href":"https:\/\/lecture.jose-marcio.org\/blog\/wp-json\/wp\/v2\/comments?post=2150"}],"version-history":[{"count":0,"href":"https:\/\/lecture.jose-marcio.org\/blog\/wp-json\/wp\/v2\/posts\/2150\/revisions"}],"wp:attachment":[{"href":"https:\/\/lecture.jose-marcio.org\/blog\/wp-json\/wp\/v2\/media?parent=2150"}],"wp:term":[{"taxonomy":"category","embeddable":true,"href":"https:\/\/lecture.jose-marcio.org\/blog\/wp-json\/wp\/v2\/categories?post=2150"},{"taxonomy":"post_tag","embeddable":true,"href":"https:\/\/lecture.jose-marcio.org\/blog\/wp-json\/wp\/v2\/tags?post=2150"}],"curies":[{"name":"wp","href":"https:\/\/api.w.org\/{rel}","templated":true}]}}