{"id":2338,"date":"2022-08-08T11:15:27","date_gmt":"2022-08-08T09:15:27","guid":{"rendered":"http:\/\/lecture.jose-marcio.org\/blog\/?p=2338"},"modified":"2022-08-09T00:29:50","modified_gmt":"2022-08-08T22:29:50","slug":"liste-le-proces-de-nuremberg","status":"publish","type":"post","link":"https:\/\/lecture.jose-marcio.org\/blog\/2022\/08\/08\/liste-le-proces-de-nuremberg\/","title":{"rendered":"Liste &#8211; Le proc\u00e8s de Nuremberg"},"content":{"rendered":"<h1>Le proc\u00e8s de Nuremberg<img decoding=\"async\" class=\"aligncenter\" src=\"https:\/\/www.babelio.com\/users\/liste_Le-proces-de-Nuremberg_4405.jpeg\" \/><\/h1>\n<div id=\"desc_id\" class=\"text\">Connaissez vous tout sur le proc\u00e8s de Nuremberg ? C&rsquo;est le premier proc\u00e8s apr\u00e8s la fin de la deuxi\u00e8me guerre. Les accus\u00e9s \u00e9taient les haut dignitaires du nazisme, \u00e0 l&rsquo;exception de ceux qui s&rsquo;\u00e9taient suicid\u00e9s. Martin Bormann, disparu, a \u00e9t\u00e9 condamn\u00e9 \u00e0 mort par contumace. C&rsquo;est aussi le proc\u00e8s o\u00f9 appara\u00eet pour la premi\u00e8re fois le crime de g\u00e9nocide e crime contre l&rsquo;humanit\u00e9. On conna\u00eet les grandes lignes. Cette liste permet d&rsquo;aller un peu plus loin dans ce sujet. Je pense qu&rsquo;avec cette liste on peut faire le tour de la question Il y a d&rsquo;autres livres, beaucoup, mais ne les ai pas, ou je ne les ai pas lu, et donc je ne peux pas opiner. Peut-\u00eatre que j&rsquo;en ajouterai si je trouve d&rsquo;autres avec un contenu vraiment int\u00e9ressant. Ceux qui veulent aller bien plus loin peuvent consulter les actes du proc\u00e8s sur le site de la <a href=\"https:\/\/www.loc.gov\/rr\/frd\/Military_Law\/\" target=\"_blank\" rel=\"noopener\">Library of Congress<\/a> (https:\/\/www.loc.gov). Ces sont 92 fichiers, scan des originaux, pour presque 3 Go).<\/div>\n<div><\/div>\n<ol>\n<li><a href=\"http:\/\/lecture.jose-marcio.org\/blog\/2022\/08\/08\/annette-wieviorka-le-proces-de-nuremberg\/\" target=\"_blank\" rel=\"noopener\"><strong>Annette Wieviorka \u2013 Le proc\u00e8s de Nuremberg<\/strong><\/a> &#8211; Un excellent r\u00e9sum\u00e9 du proc\u00e8s : sa gen\u00e8se, le choix des accusations, des accus\u00e9s, le choix de l&rsquo;endroit. Puis le d\u00e9roulement du proc\u00e8s, les sentences et leur ex\u00e9cution. Et finalement l&rsquo;h\u00e9ritage juridique de ce proc\u00e8s. Ce livre pr\u00e9sente les points importants du proc\u00e8s et donne une tr\u00e8s bonne vue d&rsquo;ensemble de ce qui s&rsquo;est pass\u00e9. Il y a d&rsquo;autres livres tr\u00e8s int\u00e9ressants aussi, mais celui-ci fait partie des meilleurs. Largement suffisant pour comprendre et un bon point d&rsquo;entr\u00e9e pour ceux qui veulent aller plus loin..<\/li>\n<li><strong>G. M. Gilbert &#8211; Nuremberg Diary<\/strong> &#8211; G.M. Gilbert a \u00e9t\u00e9 un des psychiatres de la prison pendant, avant et apr\u00e8s le proc\u00e8s de Nuremberg. Son r\u00f4le a \u00e9t\u00e9 le suivi des accus\u00e9s pendant le proc\u00e8s &#8211; il fait des entretiens avec les accus\u00e9s avant et apr\u00e8s chaque audience. Parfois il mange avec eux. Ce livre est le rendu des notes prises \u00e0 ces occasions.<\/li>\n<li><strong>Leon Goldensohn\u00a0 &#8211; Les entretiens de Nuremberg<\/strong> &#8211; L\u00e9on Goldensohn est un autre psychiatre qui a travaill\u00e9 avec les accus\u00e9s lors du proc\u00e8s de Nuremberg. Il s&rsquo;est entretenu avec chaque accus\u00e9 et chaque t\u00e9moin. Chaque chapitre correspond \u00e0 un prisonnier ou t\u00e9moin. La plupart des t\u00e9moins \u00e9taient aussi des prisonniers mais dont le proc\u00e8s devrait se faire ailleurs : p. ex. Otto Ohlendorf ou Rudolf H\u00f6ss.<\/li>\n<li><strong>Jack El-Hai &#8211; Le nazi et le psychiatre<\/strong> &#8211; Douglas Kelley est un jeune officier am\u00e9ricain psychiatre. Il a \u00e9t\u00e9 charg\u00e9 d&rsquo;interviewer les prisonniers de Nuremberg avant leur proc\u00e8s (et pas juste Go\u00ebring comme on peut croire par le titre du livre). Il rentre aux \u00c9tats Unis avec ses notes et se suicide 12 ans apr\u00e8s, avec une capsule de cyanure, de la m\u00eame fa\u00e7on que Go\u00ebring. L&rsquo;auteur, Jack El-Hai, se basant sur les archives de Douglas Kelley, raconte son histoire. L&rsquo;id\u00e9e est que la personnalit\u00e9 manipulatrice de Go\u00ebring est tellement forte que m\u00eame le psychiatre n&rsquo;a pas pu lui r\u00e9sister.<\/li>\n<li><strong>Fran\u00e7ois Kersaudy &#8211; Hermann Goering. Le deuxi\u00e8me homme du IIIe Reich<\/strong> &#8211; C&rsquo;est l&rsquo;accus\u00e9 le plus embl\u00e9matique de ce proc\u00e8s, puisque le plus haut grad\u00e9. Condamn\u00e9 \u00e0 mort par pendaison il a demand\u00e9 \u00e0 \u00eatre fusill\u00e9 &#8211; la pendaison est la fa\u00e7on la plus d\u00e9shonorante d&rsquo;\u00eatre ex\u00e9cut\u00e9. La demande \u00e9tant rejet\u00e9e, il s&rsquo;est suicid\u00e9 quelques heures avant l&rsquo;ex\u00e9cution. Probablement la meilleure biographie de Hermann Go\u00ebring<\/li>\n<li><strong>Bruno Halioua &#8211; Le proc\u00e8s des m\u00e9decins de Nuremberg<\/strong> &#8211; Le tribunal de Nuremberg est tr\u00e8s connu surtout par le proc\u00e8s des grands dignitaires nazis : Go\u00ebring entre autres. Juste apr\u00e8s ce proc\u00e8s et l&rsquo;ex\u00e9cution des sentences de mort, en octobre 1946, il y a eu ce proc\u00e8s des m\u00e9decins nazis. Ce proc\u00e8s a \u00e9t\u00e9 une occasion de r\u00e9flexion sur l&rsquo;\u00e9thique de cette profession. Malheureusement, le m\u00e9decin le plus connu \u00e0 nos jours, Joseph Mengele, n&rsquo;y \u00e9tait pas&#8230; et pour cause, il s&rsquo;\u00e9tait \u00e9vad\u00e9 et fini ses jours tranquillement au Br\u00e9sil, sans aucun remords;<\/li>\n<li><strong>L\u00e9on Poliakov\u00a0 &#8211; Le proc\u00e8s de J\u00e9rusalem<\/strong> &#8211; Ce livre est le r\u00e9cit du proc\u00e8s de Adolf Eichmann \u00e0 J\u00e9rusalem en 1961 En fait, Eichmann a \u00e9chapp\u00e9 au proc\u00e8s de Nuremberg juste parce qu&rsquo;il n&rsquo;\u00e9tait pas connu \u00e0 l&rsquo;\u00e9poque. Si cela avait \u00e9t\u00e9 le cas, il aurait s\u00fbrement fait partie des accus\u00e9s. Eichmann \u00e9tait le responsable de toute la logistique de d\u00e9portation des Juifs. Son existence et son r\u00f4le dans la \u00ab\u00a0solution finale\u00a0\u00bb ont \u00e9t\u00e9 connus gr\u00e2ce \u00e0 des t\u00e9moignages pendant le proc\u00e8s de Nuremberg. Eichmann n&rsquo;avait pas un grade \u00e9lev\u00e9 dans la hi\u00e9rarchie de la SS &#8211; lieutenant-colonel &#8211; mais son r\u00f4le \u00e9tait essentiel dans le processus de d\u00e9portation des Juifs. Apr\u00e8s le proc\u00e8s de Nuremberg, en 1956-1946, ceci a \u00e9t\u00e9, \u00e0 ma connaissance, le seul autre proc\u00e8s d&rsquo;un grand responsable nazi. Et c&rsquo;est pour cela que ce proc\u00e8s est parfois d\u00e9sign\u00e9 par \u00ab\u00a0Nuremberg de J\u00e9rusalem\u00a0\u00bb.<\/li>\n<li><strong>Hanna Arendt &#8211; Eichmann \u00e0 J\u00e9rusalem<\/strong> &#8211;<br \/>\nHannah Arendt a assist\u00e9 \u00e0 ce proc\u00e8s avec un regard philosophique. C&rsquo;est dans ce livre que est apparu l&rsquo;expression \u00ab\u00a0la banalit\u00e9 du mal\u00a0\u00bb. Incomprise, Hannah Arendt a attir\u00e9 les foudres de beaucoup de Juifs, \u00e0 l&rsquo;\u00e9poque, qui pensaient qu&rsquo;elle excusait Eichmann de tous ces crimes. Par ailleurs, elle le dit \u00e0 la fin du livre pourquoi Eichmann a \u00e9t\u00e9 pendu. C&rsquo;est une lecture indispensable pour comprendre le nazisme, les nazis et certains grands criminels &#8211; expliquer, mais pas justifier ou accepter.<\/li>\n<li><strong>Annette Wieviorka\u00a0 &#8211; Eichmann : De la traque au proc\u00e8s &#8211; <\/strong>Ceci est un compl\u00e9ment au \u00ab\u00a0Proc\u00e8s de J\u00e9rusalem\u00a0\u00bb. Vu que le proc\u00e8s de Eichman fait partie de la continuit\u00e9 de Nuremberg, il est utile de comprendre comment ce personnage a pu \u00e9chapper et \u00eatre rattrap\u00e9.<\/li>\n<li><a href=\"http:\/\/lecture.jose-marcio.org\/blog\/2021\/12\/22\/joseph-kessel-jugements-derniers\/\" target=\"_blank\" rel=\"noopener\"><strong>Joseph Kessel &#8211; Jugements derniers : Les proc\u00e8s P\u00e9tain, de Nuremberg et Eichman<\/strong><\/a> &#8211; ll s&rsquo;agit d&rsquo;un r\u00e9sum\u00e9 tr\u00e8s l\u00e9ger de trois jugements : Nuremberg, Eichmann \u00e0 J\u00e9rusalem et Philippe P\u00e9tain. Joseph Kessel a assist\u00e9 ces trois jugements en tant que journaliste et reproduit ici quelques articles qu&rsquo;il a publi\u00e9. Si bien que le contenu est tr\u00e8s l\u00e9ger, l&rsquo;int\u00e9r\u00eat de ce livre est l&rsquo;impression et les observations de Joseph Kessel, en tant que journaliste.<\/li>\n<li><strong>Sylvie Lindperg &#8211; Nuremberg : La bataille des images<\/strong> &#8211; Ce livre, je ne l&rsquo;ai pas lu, pour l&rsquo;instant. Il est dans la pile. Ce livre semble int\u00e9ressant puisqu&rsquo;il montre les coulisses du proc\u00e8s, du c\u00f4t\u00e9 de la prise d&rsquo;images pour l&rsquo;histoire mais surtout pour la communication autour du proc\u00e8s.<\/li>\n<\/ol>\n<p>&nbsp;<\/p>\n<p style=\"text-align: center;\"><code id=\"envira_shortcode_slug_2345\"><div id=\"envira-gallery-wrap-2345\" class=\"envira-gallery-wrap envira-gallery-theme-base envira-lightbox-theme-base\" itemscope itemtype=\"https:\/\/schema.org\/ImageGallery\"><div data-row-height=\"150\" data-gallery-theme=\"normal\" id=\"envira-gallery-2345\" class=\"envira-gallery-public envira-gallery-justified-public envira-gallery-0-columns envira-clear enviratope envira-gallery-css-animations\" data-envira-columns=\"0\"><div id=\"envira-gallery-item-2349\" class=\"envira-gallery-item enviratope-item envira-gallery-item-1 envira-lazy-load\" style=\"padding-left: 5px; padding-bottom: 10px; padding-right: 5px;\"  itemscope itemtype=\"https:\/\/schema.org\/ImageObject\"><div class=\"envira-gallery-item-inner\"><div class=\"envira-gallery-position-overlay  envira-gallery-top-left\"><\/div><div class=\"envira-gallery-position-overlay  envira-gallery-top-right\"><\/div><div class=\"envira-gallery-position-overlay  envira-gallery-bottom-left\"><\/div><div class=\"envira-gallery-position-overlay  envira-gallery-bottom-right\"><\/div><a href=\"http:\/\/lecture.jose-marcio.org\/blog\/wp-content\/uploads\/2022\/08\/AnnetteWieviorka-LeProcesDeNuremberg-small-2.jpg\" class=\"envira-gallery-2345 envira-gallery-link\" rel=\"enviragallery2345\" title=\"AnnetteWieviorka-LeProcesDeNuremberg-small\" data-envira-caption=\"AnnetteWieviorka-LeProcesDeNuremberg-small\" data-envira-retina=\"\" data-thumbnail=\"\"  itemprop=\"contentUrl\"><img decoding=\"async\" id=\"envira-gallery-image-2349\" class=\"envira-gallery-image envira-gallery-image-1 envira-normal envira-lazy\" data-envira-index=\"1\" src=\"https:\/\/lecture.jose-marcio.org\/blog\/wp-content\/uploads\/2022\/08\/AnnetteWieviorka-LeProcesDeNuremberg-small-2-600x900.jpg\" data-envira-src=\"https:\/\/lecture.jose-marcio.org\/blog\/wp-content\/uploads\/2022\/08\/AnnetteWieviorka-LeProcesDeNuremberg-small-2-600x900.jpg\" data-envira-gallery-id=\"2345\" data-envira-item-id=\"2349\" data-envira-caption=\"AnnetteWieviorka-LeProcesDeNuremberg-small\" alt=\"\" title=\"AnnetteWieviorka-LeProcesDeNuremberg-small\"  itemprop=\"thumbnailUrl\" data-envira-srcset=\"https:\/\/lecture.jose-marcio.org\/blog\/wp-content\/uploads\/2022\/08\/AnnetteWieviorka-LeProcesDeNuremberg-small-2-600x900.jpg 400w,https:\/\/lecture.jose-marcio.org\/blog\/wp-content\/uploads\/2022\/08\/AnnetteWieviorka-LeProcesDeNuremberg-small-2-600x900.jpg 2x\" data-envira-width=\"205\" data-envira-height=\"300\" srcset=\"data:image\/gif;base64,R0lGODlhAQABAIAAAP\/\/\/\/\/\/\/yH5BAEKAAEALAAAAAABAAEAAAICTAEAOw==\" data-safe-src=\"data:image\/gif;base64,R0lGODlhAQABAIAAAP\/\/\/\/\/\/\/yH5BAEKAAEALAAAAAABAAEAAAICTAEAOw==\" \/><\/a><\/div><\/div><div id=\"envira-gallery-item-2359\" class=\"envira-gallery-item enviratope-item envira-gallery-item-2 envira-lazy-load\" style=\"padding-left: 5px; padding-bottom: 10px; padding-right: 5px;\"  itemscope itemtype=\"https:\/\/schema.org\/ImageObject\"><div class=\"envira-gallery-item-inner\"><div class=\"envira-gallery-position-overlay  envira-gallery-top-left\"><\/div><div class=\"envira-gallery-position-overlay  envira-gallery-top-right\"><\/div><div class=\"envira-gallery-position-overlay  envira-gallery-bottom-left\"><\/div><div class=\"envira-gallery-position-overlay  envira-gallery-bottom-right\"><\/div><a href=\"http:\/\/lecture.jose-marcio.org\/blog\/wp-content\/uploads\/2022\/08\/JosephKessel-JugementsDerniers.jpg\" class=\"envira-gallery-2345 envira-gallery-link\" rel=\"enviragallery2345\" title=\"JosephKessel-JugementsDerniers\" data-envira-caption=\"JosephKessel-JugementsDerniers\" data-envira-retina=\"\" data-thumbnail=\"\"  itemprop=\"contentUrl\"><img decoding=\"async\" id=\"envira-gallery-image-2359\" class=\"envira-gallery-image envira-gallery-image-2 envira-normal envira-lazy\" data-envira-index=\"2\" src=\"https:\/\/lecture.jose-marcio.org\/blog\/wp-content\/uploads\/2022\/08\/JosephKessel-JugementsDerniers-600x900.jpg\" data-envira-src=\"https:\/\/lecture.jose-marcio.org\/blog\/wp-content\/uploads\/2022\/08\/JosephKessel-JugementsDerniers-600x900.jpg\" data-envira-gallery-id=\"2345\" data-envira-item-id=\"2359\" data-envira-caption=\"JosephKessel-JugementsDerniers\" alt=\"\" title=\"JosephKessel-JugementsDerniers\"  itemprop=\"thumbnailUrl\" data-envira-srcset=\"https:\/\/lecture.jose-marcio.org\/blog\/wp-content\/uploads\/2022\/08\/JosephKessel-JugementsDerniers-600x900.jpg 400w,https:\/\/lecture.jose-marcio.org\/blog\/wp-content\/uploads\/2022\/08\/JosephKessel-JugementsDerniers-600x900.jpg 2x\" data-envira-width=\"200\" data-envira-height=\"300\" srcset=\"data:image\/gif;base64,R0lGODlhAQABAIAAAP\/\/\/\/\/\/\/yH5BAEKAAEALAAAAAABAAEAAAICTAEAOw==\" data-safe-src=\"data:image\/gif;base64,R0lGODlhAQABAIAAAP\/\/\/\/\/\/\/yH5BAEKAAEALAAAAAABAAEAAAICTAEAOw==\" \/><\/a><\/div><\/div><\/div><\/div><noscript><img decoding=\"async\" src=\"https:\/\/lecture.jose-marcio.org\/blog\/wp-content\/uploads\/2022\/08\/AnnetteWieviorka-LeProcesDeNuremberg-small-2.jpg\" alt=\"\" \/><img decoding=\"async\" src=\"https:\/\/lecture.jose-marcio.org\/blog\/wp-content\/uploads\/2022\/08\/JosephKessel-JugementsDerniers.jpg\" alt=\"\" \/><\/noscript><\/code><\/p>\n","protected":false},"excerpt":{"rendered":"<p>Le proc\u00e8s de Nuremberg Connaissez vous tout sur le proc\u00e8s de Nuremberg ? C&rsquo;est le premier proc\u00e8s apr\u00e8s la fin de la deuxi\u00e8me guerre. Les accus\u00e9s \u00e9taient les haut dignitaires du nazisme, \u00e0 l&rsquo;exception de ceux qui s&rsquo;\u00e9taient suicid\u00e9s. Martin<\/p>\n","protected":false},"author":1,"featured_media":0,"comment_status":"closed","ping_status":"open","sticky":false,"template":"","format":"standard","meta":{"footnotes":""},"categories":[30,24,17],"tags":[],"class_list":["post-2338","post","type-post","status-publish","format-standard","hentry","category-_blog","category-histoire","category-lecture","comments-off"],"_links":{"self":[{"href":"https:\/\/lecture.jose-marcio.org\/blog\/wp-json\/wp\/v2\/posts\/2338","targetHints":{"allow":["GET"]}}],"collection":[{"href":"https:\/\/lecture.jose-marcio.org\/blog\/wp-json\/wp\/v2\/posts"}],"about":[{"href":"https:\/\/lecture.jose-marcio.org\/blog\/wp-json\/wp\/v2\/types\/post"}],"author":[{"embeddable":true,"href":"https:\/\/lecture.jose-marcio.org\/blog\/wp-json\/wp\/v2\/users\/1"}],"replies":[{"embeddable":true,"href":"https:\/\/lecture.jose-marcio.org\/blog\/wp-json\/wp\/v2\/comments?post=2338"}],"version-history":[{"count":0,"href":"https:\/\/lecture.jose-marcio.org\/blog\/wp-json\/wp\/v2\/posts\/2338\/revisions"}],"wp:attachment":[{"href":"https:\/\/lecture.jose-marcio.org\/blog\/wp-json\/wp\/v2\/media?parent=2338"}],"wp:term":[{"taxonomy":"category","embeddable":true,"href":"https:\/\/lecture.jose-marcio.org\/blog\/wp-json\/wp\/v2\/categories?post=2338"},{"taxonomy":"post_tag","embeddable":true,"href":"https:\/\/lecture.jose-marcio.org\/blog\/wp-json\/wp\/v2\/tags?post=2338"}],"curies":[{"name":"wp","href":"https:\/\/api.w.org\/{rel}","templated":true}]}}