{"id":2486,"date":"2022-09-18T21:39:33","date_gmt":"2022-09-18T19:39:33","guid":{"rendered":"http:\/\/lecture.jose-marcio.org\/blog\/?p=2486"},"modified":"2022-09-22T15:54:40","modified_gmt":"2022-09-22T13:54:40","slug":"sophie-duplaix-garouste","status":"publish","type":"post","link":"https:\/\/lecture.jose-marcio.org\/blog\/2022\/09\/18\/sophie-duplaix-garouste\/","title":{"rendered":"Sophie Duplaix &#8211; Garouste"},"content":{"rendered":"<p><img loading=\"lazy\" decoding=\"async\" class=\"size-medium wp-image-2487 alignright\" src=\"http:\/\/lecture.jose-marcio.org\/blog\/wp-content\/uploads\/2022\/09\/SophieDuplaix-GerardGarouste-236x300.jpg\" alt=\"\" width=\"236\" height=\"300\" srcset=\"https:\/\/lecture.jose-marcio.org\/blog\/wp-content\/uploads\/2022\/09\/SophieDuplaix-GerardGarouste-236x300.jpg 236w, https:\/\/lecture.jose-marcio.org\/blog\/wp-content\/uploads\/2022\/09\/SophieDuplaix-GerardGarouste.jpg 393w\" sizes=\"auto, (max-width: 236px) 100vw, 236px\" \/>Le catalogue de l&rsquo;exposition r\u00e9trospective de G\u00e9rard Garouste.<\/p>\n<p>Un artiste que je ne connaissais pas. Et j&rsquo;avoue que j&rsquo;ai \u00e9t\u00e9 plus qu&rsquo;agr\u00e9ablement surpris.<\/p>\n<p>Une exposition o\u00f9 aller plusieurs fois n&rsquo;est pas un luxe, tellement il y a des choses \u00e0 observer, des d\u00e9tails \u00e0 d\u00e9couvrir. Il ne faut pas h\u00e9siter \u00e0 d\u00e9couvrir la vie de l&rsquo;artiste puisque c&rsquo;est important pour comprendre ses \u0153uvres.<\/p>\n<p>Fils d&rsquo;un p\u00e8re violent, ses rapports houleux avec son p\u00e8re ont laiss\u00e9 des traces et apparaissent dans plusieurs \u0153uvres. Des \u00e9v\u00e9nements marquants ou juste des souvenirs sont repr\u00e9sent\u00e9s dans des tableaux, tel le jour o\u00f9 son p\u00e8re a menac\u00e9 sa m\u00e8re avec un pistolet parce qu&rsquo;elle ne prenait pas correctement une bouteille ou alors des disputes avec son p\u00e8re.<\/p>\n<p>Ce n&rsquo;est qu&rsquo;\u00e0 l&rsquo;\u00e2ge adulte qu&rsquo;il a appris que son p\u00e8re, marchand de meubles et collaborateur pendant la deuxi\u00e8me guerre a spoli\u00e9 des familles juives. Comme une sorte de <em>\u00ab\u00a0mea culpa\u00a0\u00bb<\/em> il s&rsquo;est lanc\u00e9 dans l&rsquo;\u00e9tude du juda\u00efsme et du Talmud. Il s&rsquo;est li\u00e9 d&rsquo;amiti\u00e9 avec le rabbin et philosophe Marc-Alain Ouaknin et, gr\u00e2ce \u00e0 cette amiti\u00e9, il a pu r\u00e9aliser plusieurs tableaux et m\u00eame deux versions de <em>Haggada<\/em> (le rituel de c\u00e9r\u00e9monie de la P\u00e2que juive), ainsi que plusieurs tableaux sur la culture juive.<\/p>\n<p>Dans nombreux tableaux il se repr\u00e9sente lui-m\u00eame ou ses proches.<\/p>\n<p><img loading=\"lazy\" decoding=\"async\" class=\"alignleft wp-image-2501\" src=\"http:\/\/lecture.jose-marcio.org\/blog\/wp-content\/uploads\/2022\/09\/IMG-20220916-WA0106-600x450.jpg\" alt=\"\" width=\"450\" height=\"382\" srcset=\"https:\/\/lecture.jose-marcio.org\/blog\/wp-content\/uploads\/2022\/09\/IMG-20220916-WA0106-300x255.jpg 300w, https:\/\/lecture.jose-marcio.org\/blog\/wp-content\/uploads\/2022\/09\/IMG-20220916-WA0106-1024x869.jpg 1024w, https:\/\/lecture.jose-marcio.org\/blog\/wp-content\/uploads\/2022\/09\/IMG-20220916-WA0106-768x652.jpg 768w, https:\/\/lecture.jose-marcio.org\/blog\/wp-content\/uploads\/2022\/09\/IMG-20220916-WA0106-1536x1304.jpg 1536w, https:\/\/lecture.jose-marcio.org\/blog\/wp-content\/uploads\/2022\/09\/IMG-20220916-WA0106-2048x1738.jpg 2048w\" sizes=\"auto, (max-width: 450px) 100vw, 450px\" \/>Il a eu des acc\u00e8s de folie, il a d\u00fb \u00eatre intern\u00e9 trois ou quatre fois, lors des acc\u00e8s. Notamment lorsqu&rsquo;il a eu une attitude d\u00e9plac\u00e9e dans la Cath\u00e9drale de Chartres pendant une c\u00e9r\u00e9monie de mariage &#8211; il se baladait sur le fameux labyrinthe, il a cass\u00e9 des cierges, &#8230; Ceci est repr\u00e9sent\u00e9 dans le tableau \u00ab\u00a0Chartres\u00a0\u00bb. Mais en dehors de ces quelques \u00e9v\u00e9nements il ne semble pas \u00eatre tr\u00e8s touch\u00e9 par une folie persistante comme \u00e7a a \u00e9t\u00e9 le cas d&rsquo;un nombre d&rsquo;autres artistes. C&rsquo;est peut-\u00eatre juste une \u00e9manation de sa g\u00e9nialit\u00e9. Une tr\u00e8s probable bipolarit\u00e9.<\/p>\n<p>Se disant autodidacte, il a tr\u00e8s certainement une grande culture. Il n&rsquo;h\u00e9site pas \u00e0 pousser \u00e0 fond des r\u00e9flexions que je dirais m\u00eame philosophiques ou historiques \u00e0 la recherche de situations antagoniques. Cela appara\u00eet dans plusieurs tableaux.<\/p>\n<p>Mais ce qui est aussi impressionnant, c&rsquo;est la taille des tableaux. La plupart font plusieurs m\u00e8tres de hauteur, jusqu&rsquo;\u00e0 quatre ou cinq.<\/p>\n<p>C&rsquo;est une tr\u00e8s belle exposition qui ne manque pas de plaire m\u00eame \u00e0 ceux qui n&rsquo;appr\u00e9cient pas l&rsquo;art contemporaine.<\/p>\n<p><iframe loading=\"lazy\" title=\"G\u00e9rard Garouste | Exposition | Centre Pompidou\" width=\"910\" height=\"512\" src=\"https:\/\/www.youtube.com\/embed\/yQcXcsH1FqY?feature=oembed\" frameborder=\"0\" allow=\"accelerometer; autoplay; clipboard-write; encrypted-media; gyroscope; picture-in-picture\" allowfullscreen><\/iframe><\/p>\n<h2>Citations<\/h2>\n<p>(p. 59)<\/p>\n<blockquote><p>J&rsquo;accepte toute critique que l&rsquo;on peut faire de mon \u0153uvre et ce d&rsquo;autant plus naturellement qu&rsquo;\u00e0 mes yeux, la forme que prend ma peinture est secondaire. Mon style est ce qu&rsquo;il est, il est reconnaissable en tant que tel et me d\u00e9finit aux yeux des spectateurs : \u00e0 la fois classique par la technique que j&#8217;emploie, passant par l&rsquo;\u00e9bauche, les glacis et les emp\u00e2tements, et surr\u00e9aliste dans ma mani\u00e8re un peu d\u00e9lirante de traiter mes sujets. Ma fondamentalement, les questions formelles ne me pr\u00e9occupent pas. De toute fa\u00e7on, depuis le XXe si\u00e8cle, en peinture tout a \u00e9t\u00e9 fait : on a \u00e9t\u00e9 classique, impressionniste, expressionniste, cubiste, abstrait, on a br\u00fbl\u00e9 et taillad\u00e9 des toiles, on a tent\u00e9 toues sortes d&rsquo;exp\u00e9riences plastiques&#8230; Aujourd&rsquo;hui, ce m\u00e9dium a clos son histoire et son vocabulaire est limit\u00e9, comme les mots d&rsquo;un dictionnaire. Il n&rsquo;en demeure pas moins que je suis tr\u00e8s conscient de mon h\u00e9ritage et de ma dette : Goya, les miniatures du Moyen \u207cAge, L\u00e9onard de Vinci, Tintoret, Van Gogh, De Chirico, Picasso, Duchamp. Le style d&rsquo;un artiste n&rsquo;est jamais que le r\u00e9sidu de toutes les influences qui l&rsquo;ont parqu\u00e9 : c&rsquo;est ce qui reste quand il s&rsquo;est d\u00e9barrass\u00e9 de ce qui l&rsquo;a nourri.<\/p><\/blockquote>\n<h2>Quatri\u00e8me de couverture<\/h2>\n<p>G\u00e9rard Garouste, n\u00e9 en 1946, est l&rsquo;un des plus importants peintres contemporains fran\u00e7ais, adepte d&rsquo;une figuration sans concession. Sa peinture qu&rsquo;il inscrit tour \u00e0 tour dans la mythologie, la litt\u00e9rature, le r\u00e9cit biblique et les \u00e9tudes talmudiques, ne cherche pas \u00e0 s\u00e9duire. Elle ne craint ni les aberrations, ni les d\u00e9formations, mutilations et recompositions de la figure. C&rsquo;est une peinture qui questionne sans rel\u00e2che, bouscule les certitudes : une peinture qui d\u00e9range, mais sur le mode d&rsquo;un jeu dont les r\u00e8gles seraient sans cesse \u00e0 r\u00e9inventer. La r\u00e9trospective qui lui consacre le Centre Pompidou permet de saisir toute la richesse du parcours inclassable de Garouste, <em>\u00ab\u00a0l&rsquo;intranquille\u00a0\u00bb<\/em>, dont la vie, sous le signe de l&rsquo;\u00e9tude mais aussi de la folie, et l\u2019\u0153uvre \u00e9nigmatique se nourrissent l&rsquo;une l&rsquo;autre en un dialogue saisissant.<\/p>\n","protected":false},"excerpt":{"rendered":"<p>Le catalogue de l&rsquo;exposition r\u00e9trospective de G\u00e9rard Garouste. Un artiste que je ne connaissais pas. Et j&rsquo;avoue que j&rsquo;ai \u00e9t\u00e9 plus qu&rsquo;agr\u00e9ablement surpris. Une exposition o\u00f9 aller plusieurs fois n&rsquo;est pas un luxe, tellement il y a des choses \u00e0<\/p>\n","protected":false},"author":1,"featured_media":0,"comment_status":"closed","ping_status":"open","sticky":false,"template":"","format":"standard","meta":{"footnotes":""},"categories":[20,17],"tags":[],"class_list":["post-2486","post","type-post","status-publish","format-standard","hentry","category-art","category-lecture","comments-off"],"_links":{"self":[{"href":"https:\/\/lecture.jose-marcio.org\/blog\/wp-json\/wp\/v2\/posts\/2486","targetHints":{"allow":["GET"]}}],"collection":[{"href":"https:\/\/lecture.jose-marcio.org\/blog\/wp-json\/wp\/v2\/posts"}],"about":[{"href":"https:\/\/lecture.jose-marcio.org\/blog\/wp-json\/wp\/v2\/types\/post"}],"author":[{"embeddable":true,"href":"https:\/\/lecture.jose-marcio.org\/blog\/wp-json\/wp\/v2\/users\/1"}],"replies":[{"embeddable":true,"href":"https:\/\/lecture.jose-marcio.org\/blog\/wp-json\/wp\/v2\/comments?post=2486"}],"version-history":[{"count":2,"href":"https:\/\/lecture.jose-marcio.org\/blog\/wp-json\/wp\/v2\/posts\/2486\/revisions"}],"predecessor-version":[{"id":2530,"href":"https:\/\/lecture.jose-marcio.org\/blog\/wp-json\/wp\/v2\/posts\/2486\/revisions\/2530"}],"wp:attachment":[{"href":"https:\/\/lecture.jose-marcio.org\/blog\/wp-json\/wp\/v2\/media?parent=2486"}],"wp:term":[{"taxonomy":"category","embeddable":true,"href":"https:\/\/lecture.jose-marcio.org\/blog\/wp-json\/wp\/v2\/categories?post=2486"},{"taxonomy":"post_tag","embeddable":true,"href":"https:\/\/lecture.jose-marcio.org\/blog\/wp-json\/wp\/v2\/tags?post=2486"}],"curies":[{"name":"wp","href":"https:\/\/api.w.org\/{rel}","templated":true}]}}