{"id":2492,"date":"2022-09-19T13:31:01","date_gmt":"2022-09-19T11:31:01","guid":{"rendered":"http:\/\/lecture.jose-marcio.org\/blog\/?p=2492"},"modified":"2022-09-20T22:56:29","modified_gmt":"2022-09-20T20:56:29","slug":"louise-cado-jai-craque-au-bureau","status":"publish","type":"post","link":"https:\/\/lecture.jose-marcio.org\/blog\/2022\/09\/19\/louise-cado-jai-craque-au-bureau\/","title":{"rendered":"Louise Cado &#8211; J&rsquo;ai craqu\u00e9 au bureau"},"content":{"rendered":"<p><img loading=\"lazy\" decoding=\"async\" class=\"size-full wp-image-2493 alignright\" src=\"http:\/\/lecture.jose-marcio.org\/blog\/wp-content\/uploads\/2022\/09\/LouiseCado-JAiCraqueAuBureau.jpg\" alt=\"\" width=\"200\" height=\"293\" \/>Petit livre \u00e9crit \u00e0 la fois avec rigueur et l\u00e9g\u00e8ret\u00e9.<\/p>\n<p>Largement inspir\u00e9 des biographies de Louis de Pasteur et des \u00e9crits de son entourage, il est assez fid\u00e8le \u00e0 l&rsquo;histoire. Sauf&#8230;<\/p>\n<p>Sauf la partie consultation psychologique de Pasteur par le Docteur Janet Pierre. Cette partie rel\u00e8ve de la fiction. Donc, Pasteur aurait subi une d\u00e9pression ou burn-out, expression moderne qui n&rsquo;existait pas \u00e0 l&rsquo;\u00e9poque, d\u00fb \u00e0 son travail acharn\u00e9.<\/p>\n<p>La premi\u00e8re partie du livre pr\u00e9sente la situation professionnelle de Pasteur \u00e0 l&rsquo;\u00e9poque : des d\u00e9couvertes novatrices, le besoin de convaincre de la n\u00e9cessit\u00e9 d&rsquo;hygi\u00e8ne dans les services hospitaliers, des confr\u00e8res qui lui \u00ab\u00a0mettaient des b\u00e2tons dans les roues\u00a0\u00bb, la recherche de fonds pour cr\u00e9er l&rsquo;Institut Pasteur ind\u00e9pendant des hauts et des bas de la politique. Bref, \u00e0 l&rsquo;\u00e9poque il nageait contre courant, ce qui est consid\u00e9r\u00e9 aujourd&rsquo;hui comme une situation de stress.<\/p>\n<p>La derni\u00e8re partie, la psychoth\u00e9rapie fictive, comment elle se serait d\u00e9roul\u00e9e si c&rsquo;\u00e9tait aujourd&rsquo;hui. C&rsquo;est, \u00e0 mon avis la partie la plus int\u00e9ressante. \u00c7a se passe avec le psychiatre Janet Pierre, indiqu\u00e9 par le Docteur Jean-Martin Charcot. Que Pasteur ait souffert d&rsquo;une d\u00e9pression ou burn-out, ce ne serait pas \u00e9tonnant. L&rsquo;auteur d\u00e9crit les s\u00e9ances comme si elles se seraient pass\u00e9es avec un psychanalyste.<\/p>\n<p>En fait, ce passage me fait penser au livre <em>\u00ab\u00a0Et Nietzsche a pleur\u00e9\u00a0\u00bb<\/em> de <em>Irwin Yalon.<\/em><\/p>\n<p>Livre bien \u00e9crit de lecture agr\u00e9able, m\u00ealant des faits du XIX\u00e8me si\u00e8cle \u00e9crit dans des termes actuels. C&rsquo;est r\u00e9ussi !<\/p>\n<h2>Citations<\/h2>\n<h2>Quatri\u00e8me de couverture<\/h2>\n<p>Octobre 1886. Louis Pasteur est \u00e0 l\u2019apog\u00e9e de sa carri\u00e8re, ses premi\u00e8res inoculations contre la rage sont un succ\u00e8s et il est devenu une star. Mais un matin, le chercheur craque, il ne r\u00e9ussit plus \u00e0 se lever ; m\u00eame le traitement du m\u00e9decin de famille ne parvient pas \u00e0 le tirer de son apathie. Tr\u00e8s inqui\u00e8te, Marie, sa femme, lui demande de consulter un \u00e9trange sp\u00e9cialiste.<\/p>\n<p>Conscient du retard que prendraient ses projets si l&rsquo;opinion apprenait qu&rsquo;il est malade (il est en pleine cr\u00e9ation de l&rsquo;Institut), Pasteur accepte. Le voil\u00e0 chez un psy, qui diagnostique un burn-out. Mais pendant ce temps, les opposants au vaccin s\u2019agitent et l\u2019\u00e9quipe du laboratoire doit faire face \u00e0 des incidents\u2026<\/p>\n<p>Avec une bonne dose de fantaisie, ce roman nous transporte dans la vie quotidienne de Pasteur. Il nous r\u00e9v\u00e8le la face cach\u00e9e du g\u00e9nie de la microbiologie, ses manies, son \u00e9tonnante modernit\u00e9 et le r\u00f4le cl\u00e9 de son entourage. Car sans son \u00e9pouse Marie, Louis serait-il devenu cette ic\u00f4ne de la science ? Rien n\u2019est moins s\u00fbr\u2026<\/p>\n","protected":false},"excerpt":{"rendered":"<p>Petit livre \u00e9crit \u00e0 la fois avec rigueur et l\u00e9g\u00e8ret\u00e9. Largement inspir\u00e9 des biographies de Louis de Pasteur et des \u00e9crits de son entourage, il est assez fid\u00e8le \u00e0 l&rsquo;histoire. Sauf&#8230; Sauf la partie consultation psychologique de Pasteur par le<\/p>\n","protected":false},"author":1,"featured_media":0,"comment_status":"closed","ping_status":"open","sticky":false,"template":"","format":"standard","meta":{"footnotes":""},"categories":[34,24,17,19],"tags":[],"class_list":["post-2492","post","type-post","status-publish","format-standard","hentry","category-biographie","category-histoire","category-lecture","category-sciences","comments-off"],"_links":{"self":[{"href":"https:\/\/lecture.jose-marcio.org\/blog\/wp-json\/wp\/v2\/posts\/2492","targetHints":{"allow":["GET"]}}],"collection":[{"href":"https:\/\/lecture.jose-marcio.org\/blog\/wp-json\/wp\/v2\/posts"}],"about":[{"href":"https:\/\/lecture.jose-marcio.org\/blog\/wp-json\/wp\/v2\/types\/post"}],"author":[{"embeddable":true,"href":"https:\/\/lecture.jose-marcio.org\/blog\/wp-json\/wp\/v2\/users\/1"}],"replies":[{"embeddable":true,"href":"https:\/\/lecture.jose-marcio.org\/blog\/wp-json\/wp\/v2\/comments?post=2492"}],"version-history":[{"count":2,"href":"https:\/\/lecture.jose-marcio.org\/blog\/wp-json\/wp\/v2\/posts\/2492\/revisions"}],"predecessor-version":[{"id":2510,"href":"https:\/\/lecture.jose-marcio.org\/blog\/wp-json\/wp\/v2\/posts\/2492\/revisions\/2510"}],"wp:attachment":[{"href":"https:\/\/lecture.jose-marcio.org\/blog\/wp-json\/wp\/v2\/media?parent=2492"}],"wp:term":[{"taxonomy":"category","embeddable":true,"href":"https:\/\/lecture.jose-marcio.org\/blog\/wp-json\/wp\/v2\/categories?post=2492"},{"taxonomy":"post_tag","embeddable":true,"href":"https:\/\/lecture.jose-marcio.org\/blog\/wp-json\/wp\/v2\/tags?post=2492"}],"curies":[{"name":"wp","href":"https:\/\/api.w.org\/{rel}","templated":true}]}}