{"id":2672,"date":"2022-12-29T13:19:41","date_gmt":"2022-12-29T12:19:41","guid":{"rendered":"http:\/\/lecture.jose-marcio.org\/blog\/?p=2672"},"modified":"2022-12-29T13:19:41","modified_gmt":"2022-12-29T12:19:41","slug":"anise-postel-vinay-vivre","status":"publish","type":"post","link":"https:\/\/lecture.jose-marcio.org\/blog\/2022\/12\/29\/anise-postel-vinay-vivre\/","title":{"rendered":"Anise Postel-Vinay &#8211; Vivre"},"content":{"rendered":"<p><img loading=\"lazy\" decoding=\"async\" class=\"size-medium wp-image-2673 alignright\" src=\"http:\/\/lecture.jose-marcio.org\/blog\/wp-content\/uploads\/2022\/12\/AnisePostelVinay-Vivre-188x300.jpg\" alt=\"\" width=\"188\" height=\"300\" srcset=\"https:\/\/lecture.jose-marcio.org\/blog\/wp-content\/uploads\/2022\/12\/AnisePostelVinay-Vivre-188x300.jpg 188w, https:\/\/lecture.jose-marcio.org\/blog\/wp-content\/uploads\/2022\/12\/AnisePostelVinay-Vivre-643x1024.jpg 643w, https:\/\/lecture.jose-marcio.org\/blog\/wp-content\/uploads\/2022\/12\/AnisePostelVinay-Vivre-768x1224.jpg 768w, https:\/\/lecture.jose-marcio.org\/blog\/wp-content\/uploads\/2022\/12\/AnisePostelVinay-Vivre-964x1536.jpg 964w, https:\/\/lecture.jose-marcio.org\/blog\/wp-content\/uploads\/2022\/12\/AnisePostelVinay-Vivre-1285x2048.jpg 1285w, https:\/\/lecture.jose-marcio.org\/blog\/wp-content\/uploads\/2022\/12\/AnisePostelVinay-Vivre.jpg 1400w\" sizes=\"auto, (max-width: 188px) 100vw, 188px\" \/><\/p>\n<p>Anise Postel-Vinay, jeune fille de 18 ans, est entr\u00e9 dans R\u00e9sistance fran\u00e7aise, gr\u00e2ce \u00e0 sa m\u00e8re qui a cherch\u00e9 des contacts, ce qui n&rsquo;\u00e9tait pas facile \u00e0 l&rsquo;\u00e9poque.<\/p>\n<p>Arr\u00eat\u00e9e par la Gestapo en ao\u00fbt 1942, tomb\u00e9e b\u00eatement dans une sourici\u00e8re, elle est rest\u00e9e un an en prison, d&rsquo;abord \u00e0 la Sant\u00e9 puis \u00e0 Fresnes, seule dans une cellule avant d&rsquo;\u00eatre transf\u00e9r\u00e9e \u00e0 Ravensbruck.<\/p>\n<p>On ne peut pas dire que les prisonniers de Ravensbruck \u00e9taient mieux trait\u00e9s que ceux de Auschwitz, mais plut\u00f4t moins mal trait\u00e9s. Ravensbruck \u00e9tait un camp de concentration et pas un camp de mise \u00e0 mort, m\u00eame Anise Postel-Vinay mentionne quelques s\u00e9lections des prisonni\u00e8res les plus malades, dont la m\u00e8re de Germaine Tillion. L&rsquo;auteur estime quela vie en prison \u00e9tait peut-\u00eatre plus dure qu&rsquo;\u00e0 Ravensbruck, \u00e0 cause de la solitude et des conditions d&rsquo;hygi\u00e8ne assez minables.<\/p>\n<p>Dans le camps, elle a c\u00f4toy\u00e9 Germaine Tillion et sa m\u00e8re.<\/p>\n<p>Le camp de Ravensbruck a finalement \u00e9t\u00e9 lib\u00e9r\u00e9 au mois d&rsquo;avril 1945. Sa soeur a \u00e9t\u00e9 fusill\u00e9e par les Allemands en ao\u00fbt 1944. Son p\u00e8re, prisonnier dans le camp de Dora, a surv\u00e9cu, ainsi que son fr\u00e8re, d\u00e9port\u00e9.<\/p>\n<p>Petit livre qui se lit d&rsquo;un trait.<\/p>\n<h2>Citations<\/h2>\n<h2>Quatri\u00e8me de couverture<\/h2>\n<p>\u00ab Je pensais qu\u2019en vieillissant, l\u2019ombre de ce que j\u2019ai v\u00e9cu pendant la guerre s\u2019estomperait, que j\u2019oublierais un peu. J\u2019ai l\u2019impression que c\u2019est le contraire : soixante-dix ans apr\u00e8s mon retour, ce pass\u00e9 est de plus en plus pr\u00e9sent en moi.<\/p>\n<p>J\u2019ai perdu mon sommeil d\u2019enfant pendant la guerre et je ne l\u2019ai jamais retrouv\u00e9. Je fais souvent le m\u00eame cauchemar : la Gestapo me pourchasse. Mais je cours tellement vite que je me r\u00e9veille. \u00bb<br \/>\n<em><span class=\"a-text-italic\">Anise Postel-Vinay<\/span><\/em><\/p>\n<p>\u00c9crit avec la complicit\u00e9 de Laure Adler et L\u00e9a Veinstein, <span class=\"a-text-italic\">Viv<\/span>re relate avec simplicit\u00e9 le quotidien de celle qui n\u2019aime pas qu\u2019on l\u2019appelle \u00ab\u00a0r\u00e9sistante\u00a0\u00bb. Arr\u00eat\u00e9e le 15 ao\u00fbt 1942, d\u00e9port\u00e9e \u00e0 Ravensbr\u00fcck aux c\u00f4t\u00e9s de Germaine Tillion et Genevi\u00e8ve Anthonioz de Gaulle, Anise Postel-Vinay nous offre le r\u00e9cit d\u2019une humanit\u00e9 plus forte que la barbarie.<\/p>\n","protected":false},"excerpt":{"rendered":"<p>Anise Postel-Vinay, jeune fille de 18 ans, est entr\u00e9 dans R\u00e9sistance fran\u00e7aise, gr\u00e2ce \u00e0 sa m\u00e8re qui a cherch\u00e9 des contacts, ce qui n&rsquo;\u00e9tait pas facile \u00e0 l&rsquo;\u00e9poque. Arr\u00eat\u00e9e par la Gestapo en ao\u00fbt 1942, tomb\u00e9e b\u00eatement dans une sourici\u00e8re,<\/p>\n","protected":false},"author":1,"featured_media":0,"comment_status":"closed","ping_status":"open","sticky":false,"template":"","format":"standard","meta":{"footnotes":""},"categories":[24,17,33],"tags":[],"class_list":["post-2672","post","type-post","status-publish","format-standard","hentry","category-histoire","category-lecture","category-temoignage","comments-off"],"_links":{"self":[{"href":"https:\/\/lecture.jose-marcio.org\/blog\/wp-json\/wp\/v2\/posts\/2672","targetHints":{"allow":["GET"]}}],"collection":[{"href":"https:\/\/lecture.jose-marcio.org\/blog\/wp-json\/wp\/v2\/posts"}],"about":[{"href":"https:\/\/lecture.jose-marcio.org\/blog\/wp-json\/wp\/v2\/types\/post"}],"author":[{"embeddable":true,"href":"https:\/\/lecture.jose-marcio.org\/blog\/wp-json\/wp\/v2\/users\/1"}],"replies":[{"embeddable":true,"href":"https:\/\/lecture.jose-marcio.org\/blog\/wp-json\/wp\/v2\/comments?post=2672"}],"version-history":[{"count":2,"href":"https:\/\/lecture.jose-marcio.org\/blog\/wp-json\/wp\/v2\/posts\/2672\/revisions"}],"predecessor-version":[{"id":2675,"href":"https:\/\/lecture.jose-marcio.org\/blog\/wp-json\/wp\/v2\/posts\/2672\/revisions\/2675"}],"wp:attachment":[{"href":"https:\/\/lecture.jose-marcio.org\/blog\/wp-json\/wp\/v2\/media?parent=2672"}],"wp:term":[{"taxonomy":"category","embeddable":true,"href":"https:\/\/lecture.jose-marcio.org\/blog\/wp-json\/wp\/v2\/categories?post=2672"},{"taxonomy":"post_tag","embeddable":true,"href":"https:\/\/lecture.jose-marcio.org\/blog\/wp-json\/wp\/v2\/tags?post=2672"}],"curies":[{"name":"wp","href":"https:\/\/api.w.org\/{rel}","templated":true}]}}