{"id":2722,"date":"2023-02-19T23:56:03","date_gmt":"2023-02-19T22:56:03","guid":{"rendered":"http:\/\/lecture.jose-marcio.org\/blog\/?p=2722"},"modified":"2023-02-19T23:57:15","modified_gmt":"2023-02-19T22:57:15","slug":"paul-eluard-et-lucien-clergue-corps-memorable-2","status":"publish","type":"post","link":"https:\/\/lecture.jose-marcio.org\/blog\/2023\/02\/19\/paul-eluard-et-lucien-clergue-corps-memorable-2\/","title":{"rendered":"Paul \u00c9luard et Lucien Clergue &#8211; Corps M\u00e9morable"},"content":{"rendered":"<p><img loading=\"lazy\" decoding=\"async\" class=\"alignleft size-medium wp-image-2723\" src=\"http:\/\/lecture.jose-marcio.org\/blog\/wp-content\/uploads\/2023\/02\/LucienClergue-PaulEluard-CorpsMemorable-284x300.jpg\" alt=\"\" width=\"284\" height=\"300\" srcset=\"https:\/\/lecture.jose-marcio.org\/blog\/wp-content\/uploads\/2023\/02\/LucienClergue-PaulEluard-CorpsMemorable-284x300.jpg 284w, https:\/\/lecture.jose-marcio.org\/blog\/wp-content\/uploads\/2023\/02\/LucienClergue-PaulEluard-CorpsMemorable.jpg 450w\" sizes=\"auto, (max-width: 284px) 100vw, 284px\" \/>Paul \u00c9luard appara\u00eet comme auteur et Lucien Clergue comme illustrateur. Je pense que ce n&rsquo;est pas rendre justice \u00e0 Lucien Clergue. Les deux sont des auteurs.<\/p>\n<p>Ce livre fait partie des premiers travaux photographiques de Lucien. Son histoire est int\u00e9ressante.<\/p>\n<p>En 1953, Lucien a 19 ans. Lors d&rsquo;une corrida \u00e0 Arles, il se pointe devant Picasso et lui montre quelques unes de ses photographies. Assez gonfl\u00e9 le gar\u00e7on. Picasso dit avoir beaucoup appr\u00e9ci\u00e9 ses photos et une amiti\u00e9 prend place qui durera jusqu&rsquo;\u00e0 la mort de Picasso en 1973.<\/p>\n<p>C&rsquo;est un livre de po\u00e9sie de <em>Paul Eluard<\/em>, illustr\u00e9 par les premi\u00e8res photos de nu de <em>Lucien Clergue<\/em>. Ces photos ont \u00e9t\u00e9 pr\u00e9sent\u00e9es, en premi\u00e8re main, \u00e0 <em>Pablo Picasso<\/em> puis \u00e0 <em>Jean Cocteau<\/em> qui, semble-t&rsquo;il, se sont arrang\u00e9s pour que le livre de po\u00e8mes de <em>Paul Eluard<\/em> soient illustr\u00e9s par les photos de <em>Lucien Clergue<\/em>. La premi\u00e8re \u00e9dition date de 1957.<\/p>\n<p>Bien entendu, les po\u00e8mes de <em>Paul Eluard<\/em> sont aussi magnifiques, mais je me suis demand\u00e9 si c&rsquo;\u00e9taient les photos qui illustraient les po\u00e8mes ou l&rsquo;inverse&#8230;<\/p>\n<p>Les photos sont sublimes et montrent une grande sensibilit\u00e9 du photographe et une capacit\u00e9 de pr\u00e9senter de fa\u00e7on plus que parfaite la sensualit\u00e9 f\u00e9minine. On remarque aussi un grand soin avec les formes, les lignes, l&rsquo;esth\u00e9tique des images. Il n&rsquo;avait que 23 ans \u00e0 l&rsquo;\u00e9poque.<\/p>\n<p>Un d\u00e9tail int\u00e9ressant aussi \u00e0 conna\u00eetre concerne ce qui \u00e9tait permis de montrer \u00e0 l&rsquo;\u00e9poque (censure) et que <em>Lucien Clergue<\/em> r\u00e9sume par la phrase : <em>\u00ab\u00a0o\u00f9 il y a de poil il n&rsquo;y a pas de t\u00eate et o\u00f9 il y a une t\u00eate il n&rsquo;y a pas de poil\u00a0\u00bb<\/em>. Raison expliquant pourquoi on ne voit pas le visage des mod\u00e8les.<\/p>\n<p>Lucien Clergue a fait beaucoup de photos de nu et de corridas, mais pas que \u00e7a comme sujets. Il est \u00e0 l&rsquo;origine des Rencontres internationaux de la photographie d\u2019Arles et a contribu\u00e9 \u00e0 cr\u00e9er l&rsquo;\u00c9cole Nationale Sup\u00e9rieure de la photographie. Il a pass\u00e9 une th\u00e8se en litt\u00e9rature, en tant qu&rsquo;autodidacte, avec une th\u00e8se o\u00f9 il n&rsquo;y avait pas un seul mot : juste des photos.<\/p>\n<h2>Citations<\/h2>\n<h2>Quatri\u00e8me de couverture<\/h2>\n<p>Cet ouvrage a \u00e9t\u00e9 publi\u00e9 une premi\u00e8re fois en 1957 par Pierre Seghers. Cette \u00e9dition a \u00e9t\u00e9 suivie d&rsquo;une nouvelle version en 1969. Depuis longtemps \u00e9puis\u00e9, ce livre-culte est enfin r\u00e9\u00e9dit\u00e9, enrichi de nouvelles photographies in\u00e9dites de Lucien Clergue.<\/p>\n","protected":false},"excerpt":{"rendered":"<p>Paul \u00c9luard appara\u00eet comme auteur et Lucien Clergue comme illustrateur. Je pense que ce n&rsquo;est pas rendre justice \u00e0 Lucien Clergue. Les deux sont des auteurs. Ce livre fait partie des premiers travaux photographiques de Lucien. Son histoire est int\u00e9ressante.<\/p>\n","protected":false},"author":1,"featured_media":0,"comment_status":"closed","ping_status":"open","sticky":false,"template":"","format":"standard","meta":{"footnotes":""},"categories":[17,18],"tags":[],"class_list":["post-2722","post","type-post","status-publish","format-standard","hentry","category-lecture","category-photographie","comments-off"],"_links":{"self":[{"href":"https:\/\/lecture.jose-marcio.org\/blog\/wp-json\/wp\/v2\/posts\/2722","targetHints":{"allow":["GET"]}}],"collection":[{"href":"https:\/\/lecture.jose-marcio.org\/blog\/wp-json\/wp\/v2\/posts"}],"about":[{"href":"https:\/\/lecture.jose-marcio.org\/blog\/wp-json\/wp\/v2\/types\/post"}],"author":[{"embeddable":true,"href":"https:\/\/lecture.jose-marcio.org\/blog\/wp-json\/wp\/v2\/users\/1"}],"replies":[{"embeddable":true,"href":"https:\/\/lecture.jose-marcio.org\/blog\/wp-json\/wp\/v2\/comments?post=2722"}],"version-history":[{"count":2,"href":"https:\/\/lecture.jose-marcio.org\/blog\/wp-json\/wp\/v2\/posts\/2722\/revisions"}],"predecessor-version":[{"id":2725,"href":"https:\/\/lecture.jose-marcio.org\/blog\/wp-json\/wp\/v2\/posts\/2722\/revisions\/2725"}],"wp:attachment":[{"href":"https:\/\/lecture.jose-marcio.org\/blog\/wp-json\/wp\/v2\/media?parent=2722"}],"wp:term":[{"taxonomy":"category","embeddable":true,"href":"https:\/\/lecture.jose-marcio.org\/blog\/wp-json\/wp\/v2\/categories?post=2722"},{"taxonomy":"post_tag","embeddable":true,"href":"https:\/\/lecture.jose-marcio.org\/blog\/wp-json\/wp\/v2\/tags?post=2722"}],"curies":[{"name":"wp","href":"https:\/\/api.w.org\/{rel}","templated":true}]}}