{"id":2937,"date":"2023-05-16T13:09:52","date_gmt":"2023-05-16T11:09:52","guid":{"rendered":"http:\/\/lecture.jose-marcio.org\/blog\/?p=2937"},"modified":"2023-05-30T16:51:25","modified_gmt":"2023-05-30T14:51:25","slug":"2937","status":"publish","type":"post","link":"https:\/\/lecture.jose-marcio.org\/blog\/2023\/05\/16\/2937\/","title":{"rendered":"\u00c9tienne Klein &#8211; Je ne suis pas m\u00e9decin, mais je&#8230;"},"content":{"rendered":"<p><img loading=\"lazy\" decoding=\"async\" class=\"size-medium wp-image-2938 alignright\" src=\"http:\/\/lecture.jose-marcio.org\/blog\/wp-content\/uploads\/2023\/05\/EtienneKlein-JeNeSuisPasMedecin-214x300.jpg\" alt=\"\" width=\"214\" height=\"300\" srcset=\"https:\/\/lecture.jose-marcio.org\/blog\/wp-content\/uploads\/2023\/05\/EtienneKlein-JeNeSuisPasMedecin-214x300.jpg 214w, https:\/\/lecture.jose-marcio.org\/blog\/wp-content\/uploads\/2023\/05\/EtienneKlein-JeNeSuisPasMedecin.jpg 357w\" sizes=\"auto, (max-width: 214px) 100vw, 214px\" \/><\/p>\n<p>J&rsquo;arrive apr\u00e8s la bataille. Mais j&rsquo;avais lu ce tract en mars 2021, alors qu&rsquo;il a \u00e9t\u00e9 \u00e9crit \u00e0 la fin mars 2020.<\/p>\n<p>C&rsquo;\u00e9tait le d\u00e9but de la pand\u00e9mie. \u00c9tienne Klein faisait quelques mises en garde sur les informations qui allaient s\u00fbrement circuler et le danger d&rsquo;une mauvaise interpr\u00e9tation.<\/p>\n<p>Tout d&rsquo;abord il a fait un petit exercice, cas d&rsquo;\u00e9cole, sur l&rsquo;interpr\u00e9tation de r\u00e9sultats statistiques. Un exemple o\u00f9 il supposait des tests d&rsquo;infection avec une fiabilit\u00e9 de 95 %. Il montrait que la bonne interpr\u00e9tation n&rsquo;est pas celle \u00e9vidente. Ceci pour dire que les chiffres ne veulent pas dire grande chose si on ne les sait pas interpr\u00e9ter. Avec cet exemple, il d\u00e9montrait que l&rsquo;efficacit\u00e9 r\u00e9elle est inf\u00e9rieure \u00e0 \u00e7a. Il n&rsquo;a, en aucun cas, dit que ces tests \u00e9taient inutiles. Le message est clair &#8211; il ne faut \u00eatre pr\u00e9cautionneux pour interpr\u00e9ter les chiffres. On reviendra sur ce point plus loin.<\/p>\n<p>Le deuxi\u00e8me message concernait les qui disent n&rsquo;importe quoi sur internet. Il cite particuli\u00e8rement des personnalit\u00e9s politiques, qui ne sont pas en charge de la gestion de la pand\u00e9mie, et qui commencent leur discours par \u00ab\u00a0Je ne suis pas m\u00e9decin, mais&#8230;\u00a0\u00bb &#8211; d&rsquo;o\u00f9 le titre du tract. On a eu droit \u00e0 ce genre d&rsquo;opinion tout au long de la pand\u00e9mie et pas juste de la part des politiciens.<\/p>\n<p>Pour l&rsquo;anecdote, on se souviendra de Jean-Luc M\u00e9lenchon, dans une p\u00e9riode antivaccin, en manque d&rsquo;argument lors d&rsquo;un interview \u00e0 BFMTV et pour ne pas rester sans rien dire, a sorti qu&rsquo;il savait ce que c&rsquo;est un vaccin puisqu&rsquo;il est n\u00e9 ou a v\u00e9cu au Jura, terre de Pasteur&#8230;<\/p>\n<p>\u00c9tienne Klein nous invitait \u00e0 faire confiance \u00e0 la science, puisque des chercheurs y travaillaient s\u00e9rieusement (d&rsquo;autres pas&#8230; mais ils n&rsquo;\u00e9taient pas directement li\u00e9s \u00e0 la gestion de l&rsquo;epid\u00e9mie).<\/p>\n<p>Bilan des courses ? Je livre mon opinion personnelle. Il est ind\u00e9niable qu&rsquo;il y a eu des rat\u00e9s, tant de la part du gouvernement que d&rsquo;un certain nombre de scientifiques. Apr\u00e8s, il faut d\u00e9couper \u00e7a en ceux qui avaient en charge la gestion de la pand\u00e9mie et les autres qui ont largement pratiqu\u00e9 le sport de r\u00e2ler contre ceux qui bossent. Certains pour des raisons purement politiques et d&rsquo;autres pour appara\u00eetre dans les m\u00e9dias et r\u00e9seaux sociaux.<\/p>\n<p>La France s&rsquo;en est bien sortie, \u00e0 mon avis. Le gouvernement, qui avait la charge de la gestion, \u00e9tait dans une position difficile prendre des d\u00e9cisions dans un contexte nouveau, tiraill\u00e9 entre les scientifiques et les pressions des fran\u00e7ais et des opposants politiques, pas toujours tr\u00e8s constructives et responsables. Par sa position g\u00e9ographique, la France a \u00e9t\u00e9 plus s\u00e9v\u00e8rement touch\u00e9e que le Br\u00e9sil et les \u00c9tats Unis, mais le taux de mortalit\u00e9, en d\u00e9c\u00e8s par millions d&rsquo;habitants) a \u00e9t\u00e9 plus faible. A mon avis, on peut dire que la gestion dans ces deux pays a \u00e9t\u00e9 moins s\u00e9rieuse, pour ne pas dire responsable, qu&rsquo;en France. La mortalit\u00e9 en France a \u00e9t\u00e9 plus faible aussi que chez nos voisins Italie, Espagne et Angleterre, mais plus forte qu&rsquo;en Allemagne.<\/p>\n<p>L&rsquo;\u00e9pid\u00e9mie a \u00e9t\u00e9 une belle occasion pour v\u00e9rifier l&rsquo;Effet Dunning-Kruger : on lit un tout petit peu sur un sujet, on comprend juste, au maximum, les grandes lignes, et on se consid\u00e8re un expert, alors qu&rsquo;il y a encore beaucoup \u00e0 apprendre. C&rsquo;est ce qu&rsquo;on appelle \u00ab\u00a0Montagne de l&rsquo;ignorance\u00a0\u00bb.<\/p>\n<h3>La controverse<\/h3>\n<p><img loading=\"lazy\" decoding=\"async\" class=\"alignleft size-medium wp-image-2941\" src=\"http:\/\/lecture.jose-marcio.org\/blog\/wp-content\/uploads\/2023\/05\/JulienDumont-JeNeSuisPasMedecin-230x300.png\" alt=\"\" width=\"230\" height=\"300\" srcset=\"https:\/\/lecture.jose-marcio.org\/blog\/wp-content\/uploads\/2023\/05\/JulienDumont-JeNeSuisPasMedecin-230x300.png 230w, https:\/\/lecture.jose-marcio.org\/blog\/wp-content\/uploads\/2023\/05\/JulienDumont-JeNeSuisPasMedecin.png 484w\" sizes=\"auto, (max-width: 230px) 100vw, 230px\" \/>Un autre tract est apparu juste apr\u00e8s la sortie de celui de \u00c9tienne Klein : \u00ab\u00a0Je ne suis pas m\u00e9decin, et j&#8217;emmerde \u00c9tienne Klein\u00a0\u00bb, sign\u00e9 par Julien Dumont. L&rsquo;auteur se pr\u00e9sente comme \u00e9tant ing\u00e9nieur dipl\u00f4m\u00e9 par l&rsquo;UTC de Compi\u00e8gne et dirigeant d&rsquo;une soci\u00e9t\u00e9 de conseil dans l&rsquo;audiovisuel : Gomboc Solutions.<\/p>\n<p>Tout d&rsquo;abord, il y a probablement mati\u00e8re pour que Julien Dumont soit poursuivi en p\u00e9nal par Gallimard. Le probl\u00e8me n&rsquo;est pas le contenu de son tract mais le fait qu&rsquo;il copie la charte graphique des tracts Gallimard et donne l&rsquo;impression \u00e0 ceux qui ne sont pas attentifs, qu&rsquo;il s&rsquo;agit d&rsquo;une publication Gallimard. C&rsquo;est, donc, de la contrefa\u00e7on. Je pense que Gallimard ne l&rsquo;a pas fait \u00e0 cause du contenu, tellement m\u00e9diocre, qu&rsquo;il fallait laisser le sujet \u00e0 l&rsquo;appr\u00e9ciation de ceux qui le lisent.<\/p>\n<p>Sur le contenu&#8230; c&rsquo;est un contenu o\u00f9 il d\u00e9verse une haine incroyable, avec des insultes, manque de respect, grossi\u00e8ret\u00e9s et&#8230; \u00e2neries.<\/p>\n<p>Pour commencer, il critique l&rsquo;exp\u00e9rience de pens\u00e9e de \u00c9tienne Klein, faite avec un but p\u00e9dagogique. Mais Julien Dumont semble ne pas savoir ce que c&rsquo;est une exp\u00e9rience de pens\u00e9e et encore moins les notions de statistiques expliqu\u00e9es par \u00c9tienne Klein. Et, pourtant, il se pr\u00e9sente comme \u00e9tant ing\u00e9nieur.<\/p>\n<p>Puis, il estime avoir bien compris les cons\u00e9quences de la maladie et comment de prot\u00e9ger, puisqu&rsquo;il a lu deux articles (juste deux) trouv\u00e9s dans un blog (Tomas Pueyo) sur internet (page 3). C&rsquo;est l&rsquo;effet Dunning-Kruger en action !!!<\/p>\n<p>Je cite une phrase pour illustrer le genre de style litt\u00e9raire : <em>\u00ab\u00a0Et toi, \u00c9tienne, tu serais pr\u00eat \u00e0 en boire de la pisse d&rsquo;\u00e2ne si MONTAGNIER te le recommande ?\u00a0\u00bb<\/em> (page 7). \u00c9tienne Klein ne mentionne nulle part le nom de M. Montagnier.<\/p>\n<p>En plus de ce style insultant et d\u00e9plac\u00e9, pr\u00e9sent tout au long de la publication, il \u00ab\u00a0met des mots dans la bouche\u00a0\u00bb d&rsquo;\u00c9tienne Klein, qu&rsquo;il n&rsquo;a pas dit.<\/p>\n<p>Sur les organismes de recherche fran\u00e7ais, il dit :<em> \u00ab\u00a0Et pour ma part, je n&rsquo;\u00e9carterais pas si vite la responsabilit\u00e9 de tous ces m\u00e9ta-organismes (CNRS, Institut Pasteur, INSERM, ARS, ANSM, &#8230;) plomb\u00e9s par de la bureaucratie, des certitudes, une large part d&rsquo;incomp\u00e9tence et des structures dirigeantes totalement nulles\u00a0\u00bb<\/em>. J&rsquo;avoue ne pas savoir pour qui il se prend ni sur quelles bases v\u00e9rifiables pour affirmer cela. Si c&rsquo;est juste une opinion personnelle, il ferait mieux de la garder pour lui.<\/p>\n<p>Bref, personne est oblig\u00e9 de partager l&rsquo;opinion de quelqu&rsquo;un d&rsquo;autre mais, dans ce cas, si on souhaite s&rsquo;exprimer et si on souhaite \u00eatre cr\u00e9dible, il est pr\u00e9f\u00e9rable de le faire dans le respect de l&rsquo;autre, de fa\u00e7on courtoise et, de pr\u00e9f\u00e9rence, sans dire des \u00e2neries.<\/p>\n<h2>Citations<\/h2>\n<p>(p. 3)<\/p>\n<blockquote><p>Or, \u00e0 l&rsquo;occasion de cette \u00e9pid\u00e9mie de Covid-19, nous voyons se propager, notamment sur les r\u00e9seaux sociaux, une forme tr\u00e8s intense et tr\u00e8s contagieuse de \u00ab\u00a0d\u00e9magogisme cognitif\u00a0\u00bb, c&rsquo;est \u00e0 dire d&rsquo;un type de discours qui promeut des points de vue intuitifs et souvent erron\u00e9s sur toutes sortes de sujets. Par exemple, \u00e0 propos de tel ou tel traitement dont l&rsquo;efficacit\u00e9 \u00e9ventuelle n&rsquo;est pas encore formellement \u00e9tablie &#8211; et pour cause, cela demande du temps et r\u00e9clame un gros travail de recherche ! -, on a pu lire sous la plume de certains responsables politiques (qui, heureusement ne sont pas &#8211; ou plus &#8211; aux affaires&#8230;) de courtes d\u00e9clarations commen\u00e7ant par : \u00ab\u00a0Je ne suis pas m\u00e9decin, mais je pense que&#8230;\u00a0\u00bb.<\/p><\/blockquote>\n<p>(p. 3-4)<\/p>\n<blockquote><p>Ainsi est-il devenu possible d&rsquo;avoir suffisamment confiance dans son seul ressenti (sans doute dop\u00e9 en intraveineuse par un surdimensionnement de l&rsquo;ego) pour trancher d&rsquo;un simple coup de phrase &#8211; en reconnaissant ne rien y conna\u00eetre ! &#8211; des questions vertigineusement complexes.<\/p>\n<p>Par effet de quelque \u00e9trange paradoxe postmoderne, se savoir ignorant n&#8217;emp\u00eache donc plus de se consid\u00e9rer tout de m\u00eame comme un savant, et de tr\u00e8s vite le faire savoir urbi et surtout orbi. Croire savoir alors m\u00eame qu&rsquo;on sait ne pas savoir, telle me semble \u00eatre devenue la v\u00e9ritable pathologie du savoir. Les vrais sachants, les sp\u00e9cialistes, les experts n&rsquo;ignorent pas le savoir, eux, et ils savent \u00e9galement dire ce qu&rsquo;ils ignorent : ils savent ce qui est d\u00e9j\u00e0 \u00e9tabli, mais aussi tout ce qui fait encore trou dans la connaissance, tout ce que le savoir ne contient pas encore et qu&rsquo;ils viennent inqui\u00e9ter.<\/p><\/blockquote>\n<h2>Quatri\u00e8me de couverture<\/h2>\n<p><em>\u00ab Cela n&rsquo;a rien de certain, mais par son ampleur et sa radicalit\u00e9, la pand\u00e9mie en cours \u00e9clairera sans doute d&rsquo;une lumi\u00e8re neuve les relations ambivalentes que notre soci\u00e9t\u00e9 entretient avec les sciences et la recherche. \u00bb<\/em><\/p>\n","protected":false},"excerpt":{"rendered":"<p>J&rsquo;arrive apr\u00e8s la bataille. Mais j&rsquo;avais lu ce tract en mars 2021, alors qu&rsquo;il a \u00e9t\u00e9 \u00e9crit \u00e0 la fin mars 2020. C&rsquo;\u00e9tait le d\u00e9but de la pand\u00e9mie. \u00c9tienne Klein faisait quelques mises en garde sur les informations qui allaient<\/p>\n","protected":false},"author":1,"featured_media":0,"comment_status":"closed","ping_status":"open","sticky":false,"template":"","format":"standard","meta":{"footnotes":""},"categories":[17,35,22,23,19,6],"tags":[],"class_list":["post-2937","post","type-post","status-publish","format-standard","hentry","category-lecture","category-medecine","category-politique","category-psychologie","category-sciences","category-sociologie","comments-off"],"_links":{"self":[{"href":"https:\/\/lecture.jose-marcio.org\/blog\/wp-json\/wp\/v2\/posts\/2937","targetHints":{"allow":["GET"]}}],"collection":[{"href":"https:\/\/lecture.jose-marcio.org\/blog\/wp-json\/wp\/v2\/posts"}],"about":[{"href":"https:\/\/lecture.jose-marcio.org\/blog\/wp-json\/wp\/v2\/types\/post"}],"author":[{"embeddable":true,"href":"https:\/\/lecture.jose-marcio.org\/blog\/wp-json\/wp\/v2\/users\/1"}],"replies":[{"embeddable":true,"href":"https:\/\/lecture.jose-marcio.org\/blog\/wp-json\/wp\/v2\/comments?post=2937"}],"version-history":[{"count":2,"href":"https:\/\/lecture.jose-marcio.org\/blog\/wp-json\/wp\/v2\/posts\/2937\/revisions"}],"predecessor-version":[{"id":2945,"href":"https:\/\/lecture.jose-marcio.org\/blog\/wp-json\/wp\/v2\/posts\/2937\/revisions\/2945"}],"wp:attachment":[{"href":"https:\/\/lecture.jose-marcio.org\/blog\/wp-json\/wp\/v2\/media?parent=2937"}],"wp:term":[{"taxonomy":"category","embeddable":true,"href":"https:\/\/lecture.jose-marcio.org\/blog\/wp-json\/wp\/v2\/categories?post=2937"},{"taxonomy":"post_tag","embeddable":true,"href":"https:\/\/lecture.jose-marcio.org\/blog\/wp-json\/wp\/v2\/tags?post=2937"}],"curies":[{"name":"wp","href":"https:\/\/api.w.org\/{rel}","templated":true}]}}