{"id":2952,"date":"2023-06-03T00:24:45","date_gmt":"2023-06-02T22:24:45","guid":{"rendered":"http:\/\/lecture.jose-marcio.org\/blog\/?p=2952"},"modified":"2023-06-03T00:24:45","modified_gmt":"2023-06-02T22:24:45","slug":"richard-malka-traite-sur-lintolerance","status":"publish","type":"post","link":"https:\/\/lecture.jose-marcio.org\/blog\/2023\/06\/03\/richard-malka-traite-sur-lintolerance\/","title":{"rendered":"Richard Malka &#8211; Trait\u00e9 sur l&rsquo;intol\u00e9rance"},"content":{"rendered":"<p><img loading=\"lazy\" decoding=\"async\" class=\"size-medium wp-image-2953 alignright\" src=\"http:\/\/lecture.jose-marcio.org\/blog\/wp-content\/uploads\/2023\/06\/RichardMalka-TraiteSurLIntolerance-195x300.jpg\" alt=\"\" width=\"195\" height=\"300\" srcset=\"https:\/\/lecture.jose-marcio.org\/blog\/wp-content\/uploads\/2023\/06\/RichardMalka-TraiteSurLIntolerance-195x300.jpg 195w, https:\/\/lecture.jose-marcio.org\/blog\/wp-content\/uploads\/2023\/06\/RichardMalka-TraiteSurLIntolerance-664x1024.jpg 664w, https:\/\/lecture.jose-marcio.org\/blog\/wp-content\/uploads\/2023\/06\/RichardMalka-TraiteSurLIntolerance-768x1184.jpg 768w, https:\/\/lecture.jose-marcio.org\/blog\/wp-content\/uploads\/2023\/06\/RichardMalka-TraiteSurLIntolerance-996x1536.jpg 996w, https:\/\/lecture.jose-marcio.org\/blog\/wp-content\/uploads\/2023\/06\/RichardMalka-TraiteSurLIntolerance-1329x2048.jpg 1329w, https:\/\/lecture.jose-marcio.org\/blog\/wp-content\/uploads\/2023\/06\/RichardMalka-TraiteSurLIntolerance.jpg 1400w\" sizes=\"auto, (max-width: 195px) 100vw, 195px\" \/><\/p>\n<p>Richard Malka est avocat. Lors du proc\u00e8s de l&rsquo;attentat contre Charlie Hebdo en 2015, il a repr\u00e9sent\u00e9 le journal. Ce livre est la transcription de sa plaidoirie.<\/p>\n<p>Il s&rsquo;agit d&rsquo;une plaidoirie contre l&rsquo;intol\u00e9rance religieuse au blasph\u00e8me. Il est, bien s\u00fbr, question des islamistes radicaux mais il est question aussi du christianisme et du juda\u00efsme.<\/p>\n<p>L&rsquo;intol\u00e9rance au blasph\u00e8me appara\u00eet dans les livres des trois religions. Richard Malka place cette intol\u00e9rance dans le contexte historique. Le christianisme et le juda\u00efsme ont \u00e9volu\u00e9 avec le temps et, m\u00eame si ces religions n&rsquo;appr\u00e9cient pas le blasph\u00e8me, il n&rsquo;est pas question d&rsquo;infliger la mort ou une quelconque punition de m\u00eame niveau : torture, &#8230; Pareil pour les musulmans mod\u00e9r\u00e9s. Les islamistes fondamentalistes, par contre, sont rest\u00e9s arr\u00eat\u00e9s dans le temps.<\/p>\n<p>Repr\u00e9sentant Charlie Hebdo il a, bien s\u00fbr, soutenu la ligne \u00e9ditoriale de Charlie Hebdo expliquant, en particulier, que les critiques du journal s&rsquo;adressaient bien plus aux extr\u00e9mistes qu&rsquo;au Proph\u00e8te lui-m\u00eame. Par ailleurs, il indique que Charlie Hebdo a publi\u00e9 bien plus de critiques au Christianisme qu&rsquo;\u00e0 l&rsquo;Islam. L&rsquo;auteur nous explique pourquoi on ne doit pas se laisser faire par les terroristes islamistes et critique l&rsquo;attitude peut-\u00eatre un peu trop laxiste en France.<\/p>\n<p>L&rsquo;auteur, guid\u00e9 surtout par les ouvrages de Jacqueline Chabbi, a beaucoup \u00e9tudi\u00e9 le Coran en ce qui concerne le blasph\u00e8me, la cause des attentats.<\/p>\n<p>Il y a s\u00fbrement beaucoup plus \u00e0 dire mais, s&rsquo;agissant d&rsquo;une plaidoirie, il a dit l&rsquo;essentiel. Des r\u00e9f\u00e9rences \u00e0 la fin de l&rsquo;ouvrage sont des suggestions pour ceux qui souhaitent aller un peu plus loin.<\/p>\n<h2>Citations<\/h2>\n<p>(p. 32)<\/p>\n<blockquote><p>Nous sommes toujours au Pakistan, en f\u00e9vrier 2022, la foule en col\u00e8re lapide \u00e0 mort un malade mental accus\u00e9 d&rsquo;avoir br\u00fbl\u00e9 des pages du Coran. Deux mois avant, un directeur d&rsquo;usine sri-lankais, \u00e9galement accus\u00e9 de blasph\u00eame, \u00e9tait battu \u00e0 mort et br\u00fble vif par la foule. C&rsquo;est cela un pays o\u00f9 l&rsquo;on a l&rsquo;obligation de respecter les religions.<\/p>\n<p>A propos de la lapidation du malade mental, le repr\u00e9sentant du Premier ministre pakistanais, Monsieur Ashrafi, dira, et c&rsquo;est int\u00e9ressant : \u00ab\u00a0Tuer des gens en fonction de votre propre interpr\u00e9tation de la religions cela n&rsquo;est pas de la religion de mon proph\u00e8te\u00a0\u00bb. Et on France on ne pourrait pas.<\/p><\/blockquote>\n<p>(p.53)<\/p>\n<blockquote><p>L&rsquo;interpr\u00e9tation, la critique te m\u00eame l&rsquo;humour grin\u00e7ant de Charlie Hebdo, sont une n\u00e9cessit\u00e9 vitale pour les religions elles-m\u00eames et surtout pour les hommes.<\/p>\n<p>Pour \u00e9viter d&rsquo;autres Kouachi, d&rsquo;autres Coulibaly, d&rsquo;autres femmes incendi\u00e9es, nous avons besoin de connaissances, d&rsquo;\u00e9tudes, de th\u00e8ses, de d\u00e9bats et il n&rsquo;y en a quasiment plus en France, \u00e0 l&rsquo;universit\u00e9, aujourd&rsquo;hui. On ne le permet plus, sous diff\u00e9rents pr\u00e9textes, s&rsquo;en d\u00e9sole l&rsquo;islamologue Bernard Rougier. La peur et le silence ont triomph\u00e9.<\/p>\n<p>\u00c0 Charlie Hebdo, on ne s&rsquo;y r\u00e9signe pas. La religion est un sujet trop s\u00e9rieux pour en laisser l&rsquo;\u00e9tude aux seuls religieux.<\/p><\/blockquote>\n<p>(p. 61)<\/p>\n<blockquote><p>Nous sommes \u00e0 La Mecque au VII\u00e8me si\u00e8cle. Mahomet subit des moqueries violentes et des insultes toute sa vie. Il faut se replacer dans le contexte : il pr\u00e9tend \u00eatre un nouveau proph\u00e8te. Il y a autour de lui une, deux puis dix personnes. \u00c0 La Mecque, on se moque de lui et on le rejette. Le Coran lui-m\u00eame en atteste : on l&rsquo;a trait\u00e9 de charlatan, de sorcier, d&rsquo;imposteur, de ch\u00e2tr\u00e9 parce qu&rsquo;il n&rsquo;avait pas de fils adulte \u00e0 ses c\u00f4t\u00e9s et les soci\u00e9t\u00e9s tribales \u00e9taient, dans l&rsquo;insulte, d&rsquo;une assez grande imagination, le plus souvent \u00e0 caract\u00e8re sexuel.<\/p>\n<p>Autrement dit, \u00e0 l&rsquo;\u00e9chelle de cette soci\u00e9t\u00e9 de l&rsquo;oralit\u00e9, les caricatures de Charlie Hebdo seraient des piq\u00fbres de moustique, d&rsquo;anodines moqueries. Riss avec ses dessins serait un enfant de ch\u0153ur. Dans la soci\u00e9t\u00e9 d&rsquo;origine du Proph\u00e8te, il \u00e9tait impensable de r\u00e9agir physiquement \u00e0 une moquerie, sinon tout le monde serait mort.<\/p><\/blockquote>\n<h2>Quatri\u00e8me de couverture<\/h2>\n<div class=\"a-expander-content a-expander-partial-collapse-content a-expander-content-expanded\" aria-expanded=\"true\">Apr\u00e8s\u00a0 <span class=\"a-text-italic\">Le droit d\u2019emmerder Dieu<\/span>, \u00e9loge du droit au blasph\u00e8me,\u00a0 Richard Malka revient sur l\u2019origine profonde d\u2019une guerre mill\u00e9naire au sein de l\u2019Islam\u00a0 : la controverse br\u00fblante sur la nature du Coran.<\/div>\n<div aria-expanded=\"true\"><\/div>\n<div class=\"a-expander-content a-expander-partial-collapse-content a-expander-content-expanded\" aria-expanded=\"true\">Plus qu\u2019une plaidoirie, ces pages m\u00fbries pendant des ann\u00e9es\u00a0 questionnent ce\u00a0 qu\u2019il est advenu de l\u2019Islam entre le VII\u00e8me et le XI\u00e8me si\u00e8cle, d\u00e9chir\u00e9 entre raison et soumission.<\/div>\n<div aria-expanded=\"true\"><\/div>\n<div class=\"a-expander-content a-expander-partial-collapse-content a-expander-content-expanded\" aria-expanded=\"true\">Les radicaux ont gagn\u00e9,\u00a0 effectuant un tri dans le Coran et les paroles du Proph\u00e8te, oppressant leurs ennemis \u2013 au premier rang desquels les musulmans mod\u00e9r\u00e9s, les musiciens, artistes, philosophes, libres penseurs, les femmes et minorit\u00e9s sexuelles.<\/div>\n<div aria-expanded=\"true\"><\/div>\n<div class=\"a-expander-content a-expander-partial-collapse-content a-expander-content-expanded\" aria-expanded=\"true\">Plonger avec passion dans cette cassure au sein d\u2019une religion n\u2019est pas \u00eatre \u00ab islamophobe \u00bb, c\u2019est\u00a0 regarder l\u2019histoire en face.<\/div>\n<div aria-expanded=\"true\"><\/div>\n<div class=\"a-expander-content a-expander-partial-collapse-content a-expander-content-expanded\" aria-expanded=\"true\"><span class=\"a-text-italic\">Trait\u00e9 sur l\u2019intol\u00e9rance<\/span>\u00a0 est\u00a0 une m\u00e9ditation puissante, un appel aux islamologues du savoir et de la nuance \u2013 pour qu\u2019enfin\u00a0 chacun sache, comprenne, \u00e9change, s\u2019exprime.<\/div>\n","protected":false},"excerpt":{"rendered":"<p>Richard Malka est avocat. Lors du proc\u00e8s de l&rsquo;attentat contre Charlie Hebdo en 2015, il a repr\u00e9sent\u00e9 le journal. Ce livre est la transcription de sa plaidoirie. Il s&rsquo;agit d&rsquo;une plaidoirie contre l&rsquo;intol\u00e9rance religieuse au blasph\u00e8me. Il est, bien s\u00fbr,<\/p>\n","protected":false},"author":1,"featured_media":0,"comment_status":"closed","ping_status":"open","sticky":false,"template":"","format":"standard","meta":{"footnotes":""},"categories":[24,17,22,31,6,33],"tags":[],"class_list":["post-2952","post","type-post","status-publish","format-standard","hentry","category-histoire","category-lecture","category-politique","category-religion","category-sociologie","category-temoignage","comments-off"],"_links":{"self":[{"href":"https:\/\/lecture.jose-marcio.org\/blog\/wp-json\/wp\/v2\/posts\/2952","targetHints":{"allow":["GET"]}}],"collection":[{"href":"https:\/\/lecture.jose-marcio.org\/blog\/wp-json\/wp\/v2\/posts"}],"about":[{"href":"https:\/\/lecture.jose-marcio.org\/blog\/wp-json\/wp\/v2\/types\/post"}],"author":[{"embeddable":true,"href":"https:\/\/lecture.jose-marcio.org\/blog\/wp-json\/wp\/v2\/users\/1"}],"replies":[{"embeddable":true,"href":"https:\/\/lecture.jose-marcio.org\/blog\/wp-json\/wp\/v2\/comments?post=2952"}],"version-history":[{"count":2,"href":"https:\/\/lecture.jose-marcio.org\/blog\/wp-json\/wp\/v2\/posts\/2952\/revisions"}],"predecessor-version":[{"id":2960,"href":"https:\/\/lecture.jose-marcio.org\/blog\/wp-json\/wp\/v2\/posts\/2952\/revisions\/2960"}],"wp:attachment":[{"href":"https:\/\/lecture.jose-marcio.org\/blog\/wp-json\/wp\/v2\/media?parent=2952"}],"wp:term":[{"taxonomy":"category","embeddable":true,"href":"https:\/\/lecture.jose-marcio.org\/blog\/wp-json\/wp\/v2\/categories?post=2952"},{"taxonomy":"post_tag","embeddable":true,"href":"https:\/\/lecture.jose-marcio.org\/blog\/wp-json\/wp\/v2\/tags?post=2952"}],"curies":[{"name":"wp","href":"https:\/\/api.w.org\/{rel}","templated":true}]}}