{"id":3033,"date":"2023-07-26T00:29:55","date_gmt":"2023-07-25T22:29:55","guid":{"rendered":"http:\/\/lecture.jose-marcio.org\/blog\/?p=3033"},"modified":"2023-07-26T00:51:57","modified_gmt":"2023-07-25T22:51:57","slug":"peter-longerich-nous-ne-savions-pas","status":"publish","type":"post","link":"https:\/\/lecture.jose-marcio.org\/blog\/2023\/07\/26\/peter-longerich-nous-ne-savions-pas\/","title":{"rendered":"Peter Longerich &#8211; Nous ne savions pas : Les Allemands et la Solution finale"},"content":{"rendered":"<p><img loading=\"lazy\" decoding=\"async\" class=\"size-medium wp-image-3035 alignright\" src=\"http:\/\/lecture.jose-marcio.org\/blog\/wp-content\/uploads\/2023\/07\/PeterLongerich-NousNeSavionsPas-185x300.jpg\" alt=\"\" width=\"185\" height=\"300\" srcset=\"https:\/\/lecture.jose-marcio.org\/blog\/wp-content\/uploads\/2023\/07\/PeterLongerich-NousNeSavionsPas-185x300.jpg 185w, https:\/\/lecture.jose-marcio.org\/blog\/wp-content\/uploads\/2023\/07\/PeterLongerich-NousNeSavionsPas-633x1024.jpg 633w, https:\/\/lecture.jose-marcio.org\/blog\/wp-content\/uploads\/2023\/07\/PeterLongerich-NousNeSavionsPas-768x1243.jpg 768w, https:\/\/lecture.jose-marcio.org\/blog\/wp-content\/uploads\/2023\/07\/PeterLongerich-NousNeSavionsPas-949x1536.jpg 949w, https:\/\/lecture.jose-marcio.org\/blog\/wp-content\/uploads\/2023\/07\/PeterLongerich-NousNeSavionsPas-1265x2048.jpg 1265w, https:\/\/lecture.jose-marcio.org\/blog\/wp-content\/uploads\/2023\/07\/PeterLongerich-NousNeSavionsPas.jpg 1400w\" sizes=\"auto, (max-width: 185px) 100vw, 185px\" \/>C&rsquo;est une \u00e9tude cherche \u00e0 savoir, comme le sugg\u00e8re le titre, si les Allemands savaient ce qui se passait pendant le r\u00e9gime nazi, en particulier<\/p>\n<p>Une \u00e9tude qui cherche \u00e0 comprendre=, comme le sugg\u00e8re le titre, si les Allemands savaient ce qui se passait pendant le r\u00e9gime nazi, en particulier sur la pers\u00e9cution des Juifs et de la Shoah.<\/p>\n<p>En fait, les Allemands ont \u00e9t\u00e9 tr\u00e8s \u00ab\u00a0chauff\u00e9s\u00a0\u00bb par ce que le Minist\u00e8re de la Propagande voulait bien leur dire. La presse \u00e9tait assez ligot\u00e9e et ne pouvait pas tout dire. Il y a eu pendant longtemps un discours antis\u00e9mite mettant l&rsquo;Allemagne face \u00e0 un suppos\u00e9 \u00ab\u00a0complot juif mondial\u00a0\u00bb. Dans un premier temps, il fallait \u00ab\u00a0an\u00e9antir\u00a0\u00bb les Juifs et puis dans un deuxi\u00e8me temps le discours s&rsquo;est converti en \u00ab\u00a0les extirper\u00a0\u00bb. Les d\u00e9portations depuis l&rsquo;Allemagne ne trouvaient pas de place dans la propagande Le massacre syst\u00e9matique fut d\u00e9crit avec le concept d&rsquo;\u00e9radication sans que les d\u00e9tails du programme g\u00e9nocidaire soient d\u00e9voil\u00e9s.<\/p>\n<p>Certains Allemands ont pu \u00eatre partiellement au courant gr\u00e2ce aux retours des militaires rentr\u00e9s chez eux en permission. Mais d&rsquo;autres, sans conna\u00eetre les d\u00e9tails, se sont insurg\u00e9s : voir le cas du mouvement de r\u00e9sistance \u00ab\u00a0Rose Blanche\u00a0\u00bb. Mais la population allemande, m\u00eame si l&rsquo;antis\u00e9mitisme pouvait choquer certains, beaucoup ne se sentaient pas vraiment concern\u00e9s par le sort des Juifs : ils avaient d&rsquo;autres pr\u00e9occupations en plus d&rsquo;\u00eatre manipul\u00e9s par la propagande.<\/p>\n<p>Ce livre constitue une \u00e9tude tr\u00e8s d\u00e9taill\u00e9e, si c&rsquo;est un point positif c&rsquo;est aussi un point n\u00e9gatif. La publicit\u00e9 officielle nazie ainsi que la presse est d\u00e9cortiqu\u00e9e presque au jour le jour lors des \u00e9v\u00e9nements marquants. C&rsquo;est s\u00fbrement une des \u00e9tudes les plus d\u00e9taill\u00e9es sur le sujet. N\u00e9anmoins, il faut une lecture tr\u00e8s attentive pour ne pas se perdre : ce sont 450 pages de texte puis 200 pages de notes bibliographiques. Mais on est sauv\u00e9 par le dernier chapitre : \u00ab\u00a0Bilan\u00a0\u00bb.<\/p>\n<h2>Citations<\/h2>\n<h2>Quatri\u00e8me de couverture<\/h2>\n<p>\u00ab\u00a0Nous ne savions pas \u00ab\u00a0, assuraient les Allemands apr\u00e8s la guerre, comme pour \u00e9luder l&rsquo;\u00e9normit\u00e9 des crimes commis en leur nom par le r\u00e9gime nazi.<\/p>\n<p>Que savaient-ils au juste ?<\/p>\n<p>La propagande fabriquait-elle l&rsquo;opinion? Quelles informations filtraient hors des camps ? La population allemande adh\u00e9rait-elle aux th\u00e9ories des bourreaux?<\/p>\n<p>S&rsquo;appuyant sur des sources en grande partie in\u00e9dites &#8211; coupures de presse, films et \u00e9missions de radio, rapports officiels, correspondances priv\u00e9es de diplomates \u00e9trangers&#8230;- Peter Longerich apporte un \u00e9clairage essentiel \u00e0 la compr\u00e9hension de la Shoah. Son minutieux travail d&rsquo;enqu\u00eate nous plonge au c\u0153ur du quotidien de l&rsquo;Allemagne entre 1933 et 1945. Un pays sous contr\u00f4le, o\u00f9 la politique antijuive n&rsquo;obtenait l&rsquo;approbation que d&rsquo;un noyau dur, mais profitait de la peur, doubl\u00e9e d&rsquo;une profonde indiff\u00e9rence. Un d\u00e9tachement coupable et, dans une certaine mesure, meurtrier. Loin de tout sensationnalisme, Peter Longerich porte un regard \u00e9difiant sur l&rsquo;un des plus grands drames du XXe si\u00e8cle. Dans la lign\u00e9e de Kershaw, Paxton ou Friedl\u00e4nder, il signe ici un monument de la recherche historique.<\/p>\n","protected":false},"excerpt":{"rendered":"<p>C&rsquo;est une \u00e9tude cherche \u00e0 savoir, comme le sugg\u00e8re le titre, si les Allemands savaient ce qui se passait pendant le r\u00e9gime nazi, en particulier Une \u00e9tude qui cherche \u00e0 comprendre=, comme le sugg\u00e8re le titre, si les Allemands savaient<\/p>\n","protected":false},"author":1,"featured_media":0,"comment_status":"closed","ping_status":"open","sticky":false,"template":"","format":"standard","meta":{"footnotes":""},"categories":[24,17],"tags":[],"class_list":["post-3033","post","type-post","status-publish","format-standard","hentry","category-histoire","category-lecture","comments-off"],"_links":{"self":[{"href":"https:\/\/lecture.jose-marcio.org\/blog\/wp-json\/wp\/v2\/posts\/3033","targetHints":{"allow":["GET"]}}],"collection":[{"href":"https:\/\/lecture.jose-marcio.org\/blog\/wp-json\/wp\/v2\/posts"}],"about":[{"href":"https:\/\/lecture.jose-marcio.org\/blog\/wp-json\/wp\/v2\/types\/post"}],"author":[{"embeddable":true,"href":"https:\/\/lecture.jose-marcio.org\/blog\/wp-json\/wp\/v2\/users\/1"}],"replies":[{"embeddable":true,"href":"https:\/\/lecture.jose-marcio.org\/blog\/wp-json\/wp\/v2\/comments?post=3033"}],"version-history":[{"count":2,"href":"https:\/\/lecture.jose-marcio.org\/blog\/wp-json\/wp\/v2\/posts\/3033\/revisions"}],"predecessor-version":[{"id":3037,"href":"https:\/\/lecture.jose-marcio.org\/blog\/wp-json\/wp\/v2\/posts\/3033\/revisions\/3037"}],"wp:attachment":[{"href":"https:\/\/lecture.jose-marcio.org\/blog\/wp-json\/wp\/v2\/media?parent=3033"}],"wp:term":[{"taxonomy":"category","embeddable":true,"href":"https:\/\/lecture.jose-marcio.org\/blog\/wp-json\/wp\/v2\/categories?post=3033"},{"taxonomy":"post_tag","embeddable":true,"href":"https:\/\/lecture.jose-marcio.org\/blog\/wp-json\/wp\/v2\/tags?post=3033"}],"curies":[{"name":"wp","href":"https:\/\/api.w.org\/{rel}","templated":true}]}}