{"id":3327,"date":"2024-08-24T17:54:02","date_gmt":"2024-08-24T15:54:02","guid":{"rendered":"http:\/\/lecture.jose-marcio.org\/blog\/?p=3327"},"modified":"2024-08-24T17:54:02","modified_gmt":"2024-08-24T15:54:02","slug":"stephane-hessel-indignez-vous","status":"publish","type":"post","link":"https:\/\/lecture.jose-marcio.org\/blog\/2024\/08\/24\/stephane-hessel-indignez-vous\/","title":{"rendered":"St\u00e9phane Hessel &#8211; Indignez-vous"},"content":{"rendered":"<p><img loading=\"lazy\" decoding=\"async\" class=\"size-medium wp-image-3329 alignright\" src=\"http:\/\/lecture.jose-marcio.org\/blog\/wp-content\/uploads\/2024\/08\/StephaneHessel-IndignezVous-178x300.jpg\" alt=\"\" width=\"178\" height=\"300\" srcset=\"https:\/\/lecture.jose-marcio.org\/blog\/wp-content\/uploads\/2024\/08\/StephaneHessel-IndignezVous-178x300.jpg 178w, https:\/\/lecture.jose-marcio.org\/blog\/wp-content\/uploads\/2024\/08\/StephaneHessel-IndignezVous.jpg 264w\" sizes=\"auto, (max-width: 178px) 100vw, 178px\" \/>J&rsquo;ai trouv\u00e9 ce livre \u00e0 la m\u00e9diath\u00e8que&#8230; Un petit tract qui ne fait m\u00eame pas 20 pages de texte. \u00c9crit il y a un peu plus de 10 ans, on en a beaucoup parle \u00e0 l&rsquo;\u00e9poque.<\/p>\n<p>S&rsquo;indigner&#8230; il d\u00e9fend le besoin de s&rsquo;indigner. Moi aussi et je d\u00e9fend aussi le besoin d&rsquo;esprit critique avant de s&rsquo;indigner. C&rsquo;est m\u00eame, \u00e0 mon avis, indispensable.<\/p>\n<p>Je m&rsquo;indigne souvent, peut-\u00eatre pas sur les m\u00eames sujets que l&rsquo;auteur et sur les m\u00eames sujets, parfois autrement. Je m&rsquo;indigne souvent des faux humanistes, des faux d\u00e9mocrates, des d\u00e9magogues, des utopistes, des carri\u00e9ristes, de ceux qui ont trop d&rsquo;ambitions et de ceux qui n&rsquo;en ont aucune, &#8230;<\/p>\n<p>Il s&rsquo;indigne de la violence et moi aussi. Mais il y a la violence physique et la verbale, et m\u00eame de l&rsquo;hypocrisie, le mensonge et la tromperie qui sont aussi des formes de violence contre ceux qui n&rsquo;ont pas autant le droit de parole.<\/p>\n<p>Comme \u00e7a a \u00e9t\u00e9 relev\u00e9 par d&rsquo;autres critiques de cet ouvrage, certaines personnes \u00e2g\u00e9es estiment utile de donner des le\u00e7ons et montrer le chemin \u00e0 suivre pour une nouvelle soci\u00e9t\u00e9. St\u00e9phane Hessel n&rsquo;est pas le seul. On voit actuellement des centenaires qui \u00e9crivent des livres faisant l&rsquo;\u00e9loge de leur vie pass\u00e9e et montrant le bon chemin&#8230; vers le communisme.<\/p>\n<p>Je n&rsquo;ai pas connu mes grands parents &#8211; mon p\u00e8re avait d\u00e9j\u00e0 57 ans \u00e0 ma naissance &#8211; et j&rsquo;ai appris beaucoup de choses avec lui : des valeurs, la morale, &#8230; il a \u00e9t\u00e9 un exemple pour moi. Ceux qui ont pu cohabiter avec leurs grands parents ont pu aussi apprendre beaucoup et peuvent se contenter des mots de leurs a\u00efeuls.<\/p>\n<p>Cette critique, certes n\u00e9gative, n&rsquo;enl\u00e8ve en rien la valeur de l&rsquo;auteur mais, en ce qui me concerne, \u00e7a n&rsquo;a rien ajout\u00e9.<\/p>\n<h2>Citations<\/h2>\n<h2>Quatri\u00e8me de couverture<\/h2>\n<p>\u00ab\u00a093 ans. La fin n&rsquo;est plus bien loin. Quelle chance de pouvoir en profiter pour rappeler ce qui a servi de socle \u00e0 mon engagement politique : le programme \u00e9labor\u00e9 il y a soixante-six ans par le Conseil National de la R\u00e9sistance !\u00a0\u00bb Quelle chance de pouvoir nous nourrir de l&rsquo;exp\u00e9rience de ce grand r\u00e9sistant, r\u00e9chapp\u00e9 des camps de Buchenwald et de Dora, co-r\u00e9dacteur de la D\u00e9claration universelle des Droits de l&rsquo;homme de 1948, \u00e9lev\u00e9 \u00e0 la dignit\u00e9 d&rsquo;Ambassadeur de France et de Commandeur de la L\u00e9gion d&rsquo;honneur !<\/p>\n<p>Pour St\u00e9phane Hessel, le \u00ab\u00a0motif de base de la R\u00e9sistance, c&rsquo;\u00e9tait l&rsquo;indignation\u00a0\u00bb. Cetes, les raisons de s&rsquo;indigner dans le monde complexe d&rsquo;aujourd&rsquo;hui peuvent para\u00eetre moins nettes qu&rsquo;au temps du nazisme. Mais \u00ab\u00a0cherchez et vous trouverez\u00a0\u00bb : l&rsquo;\u00e9cart grandissant entre les tr\u00e8s riches et les tr\u00e8s pauvres, l&rsquo;\u00e9tat de la plan\u00e8te, le traitement fait aux sans-papiers, aux immigr\u00e9s, aux Roms, la course au \u00ab\u00a0toujours plus\u00a0\u00bb, \u00e0 la comp\u00e9tition, la dictature des march\u00e9s financiers et jusqu&rsquo;aux acquis brad\u00e9s de la R\u00e9sistance &#8211; retrait\u00e9s, S\u00e9curit\u00e9 sociale&#8230; Pour \u00eatre efficace, il faut, comme hier, agis en r\u00e9seau : Attac, la F\u00e9d\u00e9ration Internationale des Droits de l&rsquo;homme&#8230; en sont la d\u00e9monstration.<\/p>\n<p>Alors, on peut croire St\u00e9phane Hessel, et lui embo\u00eeter le pas, lorsqu&rsquo;il appelle \u00e0 une \u00ab\u00a0insurrection pacifique\u00a0\u00bb.<\/p>\n","protected":false},"excerpt":{"rendered":"<p>J&rsquo;ai trouv\u00e9 ce livre \u00e0 la m\u00e9diath\u00e8que&#8230; Un petit tract qui ne fait m\u00eame pas 20 pages de texte. \u00c9crit il y a un peu plus de 10 ans, on en a beaucoup parle \u00e0 l&rsquo;\u00e9poque. S&rsquo;indigner&#8230; il d\u00e9fend le<\/p>\n","protected":false},"author":1,"featured_media":0,"comment_status":"closed","ping_status":"open","sticky":false,"template":"","format":"standard","meta":{"footnotes":""},"categories":[17,22,6,33],"tags":[],"class_list":["post-3327","post","type-post","status-publish","format-standard","hentry","category-lecture","category-politique","category-sociologie","category-temoignage","comments-off"],"_links":{"self":[{"href":"https:\/\/lecture.jose-marcio.org\/blog\/wp-json\/wp\/v2\/posts\/3327","targetHints":{"allow":["GET"]}}],"collection":[{"href":"https:\/\/lecture.jose-marcio.org\/blog\/wp-json\/wp\/v2\/posts"}],"about":[{"href":"https:\/\/lecture.jose-marcio.org\/blog\/wp-json\/wp\/v2\/types\/post"}],"author":[{"embeddable":true,"href":"https:\/\/lecture.jose-marcio.org\/blog\/wp-json\/wp\/v2\/users\/1"}],"replies":[{"embeddable":true,"href":"https:\/\/lecture.jose-marcio.org\/blog\/wp-json\/wp\/v2\/comments?post=3327"}],"version-history":[{"count":2,"href":"https:\/\/lecture.jose-marcio.org\/blog\/wp-json\/wp\/v2\/posts\/3327\/revisions"}],"predecessor-version":[{"id":3330,"href":"https:\/\/lecture.jose-marcio.org\/blog\/wp-json\/wp\/v2\/posts\/3327\/revisions\/3330"}],"wp:attachment":[{"href":"https:\/\/lecture.jose-marcio.org\/blog\/wp-json\/wp\/v2\/media?parent=3327"}],"wp:term":[{"taxonomy":"category","embeddable":true,"href":"https:\/\/lecture.jose-marcio.org\/blog\/wp-json\/wp\/v2\/categories?post=3327"},{"taxonomy":"post_tag","embeddable":true,"href":"https:\/\/lecture.jose-marcio.org\/blog\/wp-json\/wp\/v2\/tags?post=3327"}],"curies":[{"name":"wp","href":"https:\/\/api.w.org\/{rel}","templated":true}]}}