{"id":3400,"date":"2024-10-09T18:53:00","date_gmt":"2024-10-09T16:53:00","guid":{"rendered":"https:\/\/lecture.jose-marcio.org\/blog\/?p=3400"},"modified":"2024-10-22T14:13:54","modified_gmt":"2024-10-22T12:13:54","slug":"luiz-felipe-lampreia-parier-en-teheran","status":"publish","type":"post","link":"https:\/\/lecture.jose-marcio.org\/blog\/2024\/10\/09\/luiz-felipe-lampreia-parier-en-teheran\/","title":{"rendered":"Luiz Felipe Lampr\u00e9ia &#8211; Parier en T\u00e9h\u00e9ran (Aposta en Teer\u00e3)"},"content":{"rendered":"<p><img loading=\"lazy\" decoding=\"async\" class=\"size-medium wp-image-3401 alignright\" src=\"https:\/\/lecture.jose-marcio.org\/blog\/wp-content\/uploads\/2024\/10\/LuizFelipeLampreia-ApostaEmTeera-200x300.jpg\" alt=\"\" width=\"200\" height=\"300\" srcset=\"https:\/\/lecture.jose-marcio.org\/blog\/wp-content\/uploads\/2024\/10\/LuizFelipeLampreia-ApostaEmTeera-200x300.jpg 200w, https:\/\/lecture.jose-marcio.org\/blog\/wp-content\/uploads\/2024\/10\/LuizFelipeLampreia-ApostaEmTeera-683x1024.jpg 683w, https:\/\/lecture.jose-marcio.org\/blog\/wp-content\/uploads\/2024\/10\/LuizFelipeLampreia-ApostaEmTeera-768x1152.jpg 768w, https:\/\/lecture.jose-marcio.org\/blog\/wp-content\/uploads\/2024\/10\/LuizFelipeLampreia-ApostaEmTeera.jpg 1000w\" sizes=\"auto, (max-width: 200px) 100vw, 200px\" \/><\/p>\n<p>Lula se sentia confiante. Em um acordo alinhavado pelo ministro Celso Amorim e<br \/>\no primeiro-ministro turco Tayyip Erdogan, o Brasil estava prestes \u00e0 quebrar um<br \/>\ndos maiores impasses da agenda diplom\u00e1tica internacional: o desarmamento nuclear do Ir\u00e3. Isso elevaria o pais a um novo patamar de influencia e a uma nova posi\u00e7\u00e3o no contexto politico mundial.<\/p>\n<p>Para contentamento de turcos e brasileiros, a Declara\u00e7\u00e3o de Teer\u00e3 foi assinada no dia 17 de maio de 2010. Mas a suposta conquista que ela representava caiu por terra poucas horas depois. Ao desembarcar na Espanha, vinda de Teer\u00e3, a comitiva brasileira recebeu uma liga\u00e7\u00e3o da Casa Branca que alterou definitivamente o clima festivo da viagem.<\/p>\n<p>Em Aposta em Teer\u00e3, Luiz Felipe Lampr\u00e9ia desvenda os bastidores de uma das mais controversas atua\u00e7\u00f5es da diplomacia brasileira da era Lula.<\/p>\n<p>************************************************************<\/p>\n<p>Lula se sentait en confiance. Dans un accord r\u00e9dig\u00e9 par le ministre Celso Amorim et Le Premier ministre turc Tayyip Erdogan, le Br\u00e9sil \u00e9tait sur le point de rompre un l\u2019une des plus grandes impasses de l\u2019agenda diplomatique international : le d\u00e9sarmement nucl\u00e9aire de l\u2019Iran. Cela \u00e9l\u00e8verait le pays \u00e0 un nouveau niveau d\u2019influence et \u00e0 une nouvelle position dans le contexte politique mondial.<\/p>\n<p>\u00c0 la grande satisfaction des Turcs et des Br\u00e9siliens, la D\u00e9claration de T\u00e9h\u00e9ran a \u00e9t\u00e9 sign\u00e9e le 17 mai 2010. Mais la pr\u00e9tendue r\u00e9ussite qu\u2019elle repr\u00e9sentait s\u2019est effondr\u00e9e quelques heures plus tard. \u00c0 son d\u00e9barquement en Espagne, en provenance de la T\u00e9h\u00e9ran, la d\u00e9l\u00e9gation br\u00e9silienne a re\u00e7u un appel de la Maison Blanche qui a d\u00e9finitivement chang\u00e9 l&rsquo;ambiance festive du voyage.<\/p>\n<p>Dans \u00ab\u00a0Aposta em Teer\u00e3\u00a0\u00bb (Parier sur T\u00e9h\u00e9ran), Luiz Felipe Lampr\u00e9ia r\u00e9v\u00e8le les coulisses de l&rsquo;une des actions les plus controvers\u00e9es de la diplomatie br\u00e9silienne sous l&rsquo;\u00e8re Lula.<\/p>\n<p>**********************************<\/p>\n<p>O diplomata e soci\u00f3logo Luiz Felipe Lampr\u00e9ia nasceu em 1941, no Rio de Janeiro. Entre 1963 e 1998 foi embaixador em diversos pa\u00edses. No governo Fernando Henrique Cardoso, ocupou o cargo de ministro das Rela\u00e7\u00f5es Exteriores (1995-2001). Tem in\u00fameros artigos publicados na imprensa e em revistas acad\u00eamicas brasileiras e estrangeiras. Entre seus livros, O Brasil e os ventos do mundo: memorias de cinco d\u00e9cadas na cena internacional foi publicado pela Editora Objetiva em 2010. Atualmente exerce v\u00e1rios cargos como o de presidente do Conselho de Rela\u00e7\u00f5es Internacionais da Firjan e o de professor associado da Escola Superior de Propaganda e Marketing.<\/p>\n<p>*****************************<\/p>\n<p>Le diplomate et sociologue Luiz Felipe Lampr\u00e9ia est n\u00e9 en 1941 \u00e0 Rio de Janeiro. Entre 1963 et 1998, il a \u00e9t\u00e9 ambassadeur dans plusieurs pays. Sous le gouvernement de Fernando Henrique Cardoso, il a occup\u00e9 le poste de ministre des Affaires \u00e9trang\u00e8res (1995-2001). Il a de nombreux articles publi\u00e9s dans la presse et dans des revues acad\u00e9miques br\u00e9siliennes et \u00e9trang\u00e8res. Parmi ses livres, Le Br\u00e9sil et les vents du monde : souvenirs de cinq d\u00e9cennies sur la sc\u00e8ne internationale a \u00e9t\u00e9 publi\u00e9 par Editora Objetiva en 2010. Il occupe actuellement plusieurs postes tels que pr\u00e9sident du Conseil des relations internationales de Firjan et professeur associ\u00e9 \u00e0 l&rsquo;\u00c9cole Sup\u00e9rieure de Publicit\u00e9 et Marketing.<\/p>\n<p>******************************<\/p>\n<p>Un \u00e9v\u00e9nement tr\u00e8s peu connu, voir pas de tout, dans la diplomatie entre le Br\u00e9sil, la Turquie et l&rsquo;Iran. On conna\u00eet bien l&rsquo;impasse dans les n\u00e9gociations pour limiter ou emp\u00eacher l&rsquo;Iran de se doter d&rsquo;un armement arme nucl\u00e9aire, impasse qui dure depuis des d\u00e9cennies.<\/p>\n<p>En deux mots : Lula a rencontr\u00e9 Obama em 2009, lors d&rsquo;une conf\u00e9rence, et ils ont parl\u00e9 de l&rsquo;impasse avec l&rsquo;Iran et dans la conversation Obama a dit une des conditions que l&rsquo;Iran devrait s&rsquo;engager pour que les sanctions soient lev\u00e9es. Le but \u00e9tant de s&rsquo;assurer que l&rsquo;Iran n&rsquo;allait faire du nucl\u00e9aire que pour des objectifs civils (\u00e9nergie, m\u00e9decine, &#8230;).<\/p>\n<p>L&rsquo;affaire \u00e9tait g\u00e9r\u00e9e sous la coupe des \u00ab\u00a05+1\u00a0\u00bb (les 5 membres permanents du Conseil de S\u00e9curit\u00e9 de l&rsquo;ONU plus l&rsquo;Allemagne. C&rsquo;\u00e9tait une affaire d&rsquo;une grande complexit\u00e9 des points historique, diplomatique et technique.<\/p>\n<p>La suite&#8230; En 2010, le Br\u00e9sil et Turquie ont sign\u00e9 un accord avec l&rsquo;Iran avec cette clause minimale croyant que cela \u00e9tait n\u00e9cessaire pour mettre fin \u00e0 l&rsquo;impasse et faire sauter les sanctions. Accord sign\u00e9 par Lula, Tayyip Erdogan et Mahmoud Ahmadinejad. En rentrant au Br\u00e9sil, ils s&rsquo;arr\u00eatent en Espagne et le Ministre des Affaires \u00e9trang\u00e8res br\u00e9silien (Celso Amorim) re\u00e7oit un coup de fil de Hillary Clinton mettant fin \u00e0 leur joie. En effet, les clauses de l&rsquo;accord \u00e9taient loin de suffire \u00e0 d\u00e9bloquer la situation. Les br\u00e9siliens sont rentr\u00e9s bredouilles.<\/p>\n<p>L&rsquo;auteur, un ancien diplomate et ancien Ministre des Affaires \u00e9trang\u00e8res br\u00e9silien nous raconte les coulisses de cette histoire.<\/p>\n<p>Pourquoi la Turquie ? C&rsquo;est un pays voisin de l&rsquo;Iran. La clause n\u00e9goci\u00e9e \u00e9tat que l&rsquo;Iran d\u00e9pose en Turquie 1200 kg d&rsquo;Uranium appauvrit qui seraient \u00e9chang\u00e9s contre de l&rsquo;Uranium enrichi ailleurs. Il \u00e9tait indispensable que l&rsquo;Iran n&rsquo;ait pas acc\u00e8s \u00e0 des infrastructures d&rsquo;enrichissement d&rsquo;Uranium. Aussi, le Br\u00e9sil de Lula a toujours eu des affinit\u00e9s politiques avec la Turquie.<\/p>\n<p>Pourquoi le Br\u00e9sil ? Lula est un pr\u00e9sident qui a toujours eu l&rsquo;ambition de se projeter comme un personnage important dans le maintien de la paix dans le monde. On dit au Br\u00e9sil qu&rsquo;il aimerait bien recevoir le Prix Nobel de la Paix. Une fille de Celso Amorim est mari\u00e9e \u00e0 un turc, ce qui lui a permit d&rsquo;avoir des bonnes relations avec son homologue turc. Pour Lula, pour des raisons id\u00e9ologiques, voulait aussi d\u00e9montrer que, d&rsquo;un point de vue diplomatique, il \u00e9tait au m\u00eame niveau que les \u00c9tats Unis.<\/p>\n<p>Les relations entre l&rsquo;Iran et les \u00ab\u00a05+1\u00a0\u00bb \u00e9tant tendues, la participation des deux pays ayant des bonnes relations avec l&rsquo;Iran pourrait \u00eatre int\u00e9ressante. Les \u00ab\u00a05+1\u00a0\u00bb avaient connaissance de l&rsquo;initiative des deux pays mais ils n&rsquo;avaient pas donn\u00e9 mandat pour le faire et l&rsquo;ensemble des informations ne leur a pas \u00e9t\u00e9 communiqu\u00e9, puisque certaines \u00e9taient confidentielles.<\/p>\n<p>Il y a eu un vote unanime au Conseil de S\u00e9curit\u00e9 de l&rsquo;ONU. Lula s&rsquo;est mis en col\u00e8re avec le vote contraire de la France. Vu ses bonnes relations avec Nicolas Sarkozy et les n\u00e9gociations avanc\u00e9es pour l&rsquo;achat des avions Rafale par le Br\u00e9sil, Lula n&rsquo;attendait pas que la France les int\u00e9r\u00eats sup\u00e9rieurs au dessus des relations en cours avec le Br\u00e9sil. Comme un gamin capricieux, Lula a mis fin dans les n\u00e9gociations en cours pour l&rsquo;achat des Rafales et a fini par acheter des Saab Gripen en Su\u00e8de.<\/p>\n<p>On voit ici une grosse diff\u00e9rence entre Bolsonaro et Lula. Tandis que le premier est grossier et des rapports difficiles, le deuxi\u00e8me est un d\u00e9magogue qui croit que tout peut se r\u00e9soudre par des int\u00e9r\u00eats et rapports personnels.<\/p>\n<p>Apr\u00e8s cette histoire, les sanctions ont \u00e9t\u00e9 renforc\u00e9es et l&rsquo;Iran a fini par accepter un accord, sign\u00e9 avec les \u00ab\u00a05+1\u00a0\u00bb, en 2013\/2014. Mais on sait que l&rsquo;impasse reste.<\/p>\n<p>La conclusion de l&rsquo;auteur est que le Br\u00e9sil s&rsquo;est estim\u00e9 en mesure de jouer dans la \u00ab\u00a0cour des grands\u00a0\u00bb sur un sujet de grande importance, sans se donner la peine de la mesurer. Ceci est finalement dommageable pour le pays. Il estime pr\u00e9f\u00e9rable de s&rsquo;attaquer plut\u00f4t \u00e0 des affaires r\u00e9gionales o\u00f9 le Br\u00e9sil serait plus utile, mondialement.<\/p>\n<p>Ce livre a \u00e9t\u00e9 \u00e9crit en 2014. On voit que dans le mandat en cours de Lula, il r\u00e9p\u00e8te des erreurs diplomatiques : il d\u00e9fend une id\u00e9e de \u00ab\u00a0Sud-Global\u00a0\u00bb mais s&rsquo;approche de certains pays peu d\u00e9mocratiques (Venezuela, Cuba, Iran, Russie, &#8230;). Il prend des positions loin de la neutralit\u00e9 dans certains conflits : l&rsquo;invasion de la Russie en Ukraine ou encore le conflit isra\u00e9lo-palestinien. Au point que Lula est consid\u00e9r\u00e9 \u00ab\u00a0personne non grata\u00a0\u00bb en Isra\u00ebl.<\/p>\n<p>Finalement, c&rsquo;est un livre tr\u00e8s int\u00e9ressant qui explique beaucoup de choses, gr\u00e2ce \u00e0 la connaissance que l&rsquo;auteur a du dossier. \u00c7a m\u00e9ritait un documentaire ou une version au cin\u00e9ma.<\/p>\n<h2>Citations<\/h2>\n<h2>Quatri\u00e8me de couverture<\/h2>\n<p>Lula se sentait en confiance. Dans un accord r\u00e9dig\u00e9 par le ministre Celso Amorim et Le Premier ministre turc Tayyip Erdogan, le Br\u00e9sil \u00e9tait sur le point de rompre un l\u2019une des plus grandes impasses de l\u2019agenda diplomatique international : le d\u00e9sarmement nucl\u00e9aire de l\u2019Iran. Cela \u00e9l\u00e8verait le pays \u00e0 un nouveau niveau d\u2019influence et \u00e0 une nouvelle position dans le contexte politique mondial.<\/p>\n<p>\u00c0 la grande satisfaction des Turcs et des Br\u00e9siliens, la D\u00e9claration de T\u00e9h\u00e9ran a \u00e9t\u00e9 sign\u00e9e le 17 mai 2010. Mais la pr\u00e9tendue r\u00e9ussite qu\u2019elle repr\u00e9sentait s\u2019est effondr\u00e9e quelques heures plus tard. \u00c0 son d\u00e9barquement en Espagne, en provenance de la T\u00e9h\u00e9ran, la d\u00e9l\u00e9gation br\u00e9silienne a re\u00e7u un appel de la Maison Blanche qui a d\u00e9finitivement chang\u00e9 l&rsquo;ambiance festive du voyage.<\/p>\n<p>Dans \u00ab\u00a0<em>Aposta em Teer\u00e3<\/em>\u00a0\u00bb (<em>Parier sur T\u00e9h\u00e9ran<\/em>), Luiz Felipe Lampr\u00e9ia r\u00e9v\u00e8le les coulisses de l&rsquo;une des actions les plus controvers\u00e9es de la diplomatie br\u00e9silienne sous l&rsquo;\u00e8re Lula.<\/p>\n","protected":false},"excerpt":{"rendered":"<p>Lula se sentia confiante. Em um acordo alinhavado pelo ministro Celso Amorim e o primeiro-ministro turco Tayyip Erdogan, o Brasil estava prestes \u00e0 quebrar um dos maiores impasses da agenda diplom\u00e1tica internacional: o desarmamento nuclear do Ir\u00e3. Isso elevaria o<\/p>\n","protected":false},"author":1,"featured_media":0,"comment_status":"closed","ping_status":"open","sticky":false,"template":"","format":"standard","meta":{"footnotes":""},"categories":[24,17,22],"tags":[],"class_list":["post-3400","post","type-post","status-publish","format-standard","hentry","category-histoire","category-lecture","category-politique","comments-off"],"_links":{"self":[{"href":"https:\/\/lecture.jose-marcio.org\/blog\/wp-json\/wp\/v2\/posts\/3400","targetHints":{"allow":["GET"]}}],"collection":[{"href":"https:\/\/lecture.jose-marcio.org\/blog\/wp-json\/wp\/v2\/posts"}],"about":[{"href":"https:\/\/lecture.jose-marcio.org\/blog\/wp-json\/wp\/v2\/types\/post"}],"author":[{"embeddable":true,"href":"https:\/\/lecture.jose-marcio.org\/blog\/wp-json\/wp\/v2\/users\/1"}],"replies":[{"embeddable":true,"href":"https:\/\/lecture.jose-marcio.org\/blog\/wp-json\/wp\/v2\/comments?post=3400"}],"version-history":[{"count":2,"href":"https:\/\/lecture.jose-marcio.org\/blog\/wp-json\/wp\/v2\/posts\/3400\/revisions"}],"predecessor-version":[{"id":3405,"href":"https:\/\/lecture.jose-marcio.org\/blog\/wp-json\/wp\/v2\/posts\/3400\/revisions\/3405"}],"wp:attachment":[{"href":"https:\/\/lecture.jose-marcio.org\/blog\/wp-json\/wp\/v2\/media?parent=3400"}],"wp:term":[{"taxonomy":"category","embeddable":true,"href":"https:\/\/lecture.jose-marcio.org\/blog\/wp-json\/wp\/v2\/categories?post=3400"},{"taxonomy":"post_tag","embeddable":true,"href":"https:\/\/lecture.jose-marcio.org\/blog\/wp-json\/wp\/v2\/tags?post=3400"}],"curies":[{"name":"wp","href":"https:\/\/api.w.org\/{rel}","templated":true}]}}