{"id":3415,"date":"2024-11-07T23:40:43","date_gmt":"2024-11-07T22:40:43","guid":{"rendered":"https:\/\/lecture.jose-marcio.org\/blog\/?p=3415"},"modified":"2024-11-08T16:30:08","modified_gmt":"2024-11-08T15:30:08","slug":"sonia-mabrouk-douce-france","status":"publish","type":"post","link":"https:\/\/lecture.jose-marcio.org\/blog\/2024\/11\/07\/sonia-mabrouk-douce-france\/","title":{"rendered":"Sonia Mabrouk &#8211; Douce France, o\u00f9 est (pass\u00e9) ton bon sens ?"},"content":{"rendered":"<p><img loading=\"lazy\" decoding=\"async\" class=\"size-medium wp-image-3418 alignright\" src=\"https:\/\/lecture.jose-marcio.org\/blog\/wp-content\/uploads\/2024\/11\/SoniaMabrouk-DouceFrance-187x300.jpg\" alt=\"\" width=\"187\" height=\"300\" srcset=\"https:\/\/lecture.jose-marcio.org\/blog\/wp-content\/uploads\/2024\/11\/SoniaMabrouk-DouceFrance-187x300.jpg 187w, https:\/\/lecture.jose-marcio.org\/blog\/wp-content\/uploads\/2024\/11\/SoniaMabrouk-DouceFrance-638x1024.jpg 638w, https:\/\/lecture.jose-marcio.org\/blog\/wp-content\/uploads\/2024\/11\/SoniaMabrouk-DouceFrance-768x1234.jpg 768w, https:\/\/lecture.jose-marcio.org\/blog\/wp-content\/uploads\/2024\/11\/SoniaMabrouk-DouceFrance.jpg 800w\" sizes=\"auto, (max-width: 187px) 100vw, 187px\" \/><\/p>\n<p>Ah le bon sens&#8230; on a beaucoup \u00e0 dire. Mais d&rsquo;abord la d\u00e9finition de chez Larousse :<\/p>\n<blockquote><p>Capacit\u00e9 de bien juger, sans passion, d&rsquo;une situation ou de ce qu&rsquo;il est raisonnable de faire, compte tenu des circonstances.<\/p><\/blockquote>\n<p>ou alors :<\/p>\n<blockquote><p>Capacit\u00e9 de discerner clairement ce qui est \u00e9vident, sans en \u00eatre distrait par d&rsquo;autres consid\u00e9rations.<\/p><\/blockquote>\n<p>ou alors&#8230;<\/p>\n<blockquote><p>Le bon sens est l&rsquo;effort d&rsquo;un esprit qui s&rsquo;adapte et se r\u00e9adapte sans cesse, changeant d&rsquo;id\u00e9e quand il change d&rsquo;objet. C&rsquo;est une mobilit\u00e9 de l&rsquo;intelligence qui se r\u00e8gle exactement sur la mobilit\u00e9 des choses. C&rsquo;est la continuit\u00e9 mouvante de notre attention \u00e0 la vie.<\/p><\/blockquote>\n<p>Ces trois d\u00e9finitions, que l&rsquo;on trouve sur Internet, sont int\u00e9ressantes et se compl\u00e8tent.<\/p>\n<p>Le bon sens ressemble fortement au \u00ab\u00a0Syst\u00e8me 1\u00a0\u00bb d\u00e9fini par Kahneman, o\u00f9 l&rsquo;on prend des d\u00e9cisions bas\u00e9es sur des heuristiques simples, de l&rsquo;exp\u00e9rience v\u00e9cue ou encore de la sagesse populaire, lorsque cela est possible et que le probl\u00e8me \u00e0 analyser n&rsquo;est pas trop complexe. Comme pr\u00e9cis\u00e9 ci-dessus, il ne s&rsquo;agit pas de n\u00e9gliger l&rsquo;ensemble des contraintes du probl\u00e8me. Lorsque le probl\u00e8me devient complexe, alors on passe \u00e0 un deuxi\u00e8me niveau d&rsquo;analyse dans la prise de d\u00e9cision.<\/p>\n<p>La th\u00e8se de l&rsquo;autrice, d\u00e9j\u00e0 dans le titre de l&rsquo;ouvrage, est que l&rsquo;on a perdu, en France, cette capacit\u00e9 de trouver des solutions simples \u00e0 des probl\u00e8mes courants.<\/p>\n<p>L&rsquo;ouvrage pr\u00e9sente une s\u00e9rie d&rsquo;exemples de, selon elle, manque de bon sens avec les propositions qui seraient les siennes. L&rsquo;ouvrage couvre une large gamme de situations : enseignement, la\u00efcit\u00e9, politique, journalisme, islamisme, diplomatie, &#8230; Sans rentrer dans le d\u00e9tail, je suis assez d&rsquo;accord avec la plupart des sujets trait\u00e9s.<\/p>\n<p>Quand je dis \u00ab\u00a0selon elle\u00a0\u00bb ou \u00ab\u00a0les siennes\u00a0\u00bb, je ne porte pas de jugement, puisque le plus important est qu&rsquo;elle identifie des situations m\u00e9ritant une proposition de \u00ab\u00a0bon sens\u00a0\u00bb et en propose. On sait que les interpr\u00e9tations dans le domaine des sciences humaines sont le plus souvent subjectives m\u00eame avec des d\u00e9marches tr\u00e8s pouss\u00e9es, surtout celles dites de \u00ab\u00a0bon sens\u00a0\u00bb.<\/p>\n<p>Ce qui a manqu\u00e9 dans ce livre, \u00e0 mon avis, est une r\u00e9flexion sur las raisons de ce manque de bon sens. J&rsquo;en voit plusieurs : la recherche de l&rsquo;imm\u00e9diatet\u00e9, une paresse intellectuelle. De la part des politiciens, il y a parfois un intention de cacher les d\u00e9tails et cons\u00e9quences de leurs propositions, voir m\u00eame une analyse simpliste.<\/p>\n<p>Je signale le manque de r\u00e9f\u00e9rences. L&rsquo;autrice, parfois, lance des chiffres semblant \u00eatre douteux, sans pr\u00e9ciser d&rsquo;o\u00f9 elle les sort.<\/p>\n<p>La lecture de ce livre reste int\u00e9ressante puisqu&rsquo;elle pose beaucoup d&rsquo;exemples avec des propositions souvent assez bonnes.<\/p>\n<p>Pour aller plus loin, il y a le livre de Marc Crapez : \u00ab\u00a0<a href=\"https:\/\/lecture.jose-marcio.org\/blog\/2020\/05\/29\/marc-crapez-defense-du-bon-sens\/\">De\u0301fense du bon sens ou La controverse du sens commun<\/a>\u00ab\u00a0.<\/p>\n<h2>Citations<\/h2>\n<p>(p. 40)<\/p>\n<blockquote><p>De nos jours, ils sont nombreux, \u00e0 l&rsquo;extr\u00eame droite comme \u00e0 l&rsquo;extr\u00eame gauche, \u00e0 utiliser l&rsquo;argument, la formule miracle pour anesth\u00e9sier tout d\u00e9bat et imposer leurs vues. Comment, en effet, s&rsquo;opposer \u00e0 quelqu&rsquo;un qui vous ass\u00e8ne : \u00ab\u00a0M&rsquo;enfin, voyons, c&rsquo;est du bon sens !\u00a0\u00bb ? Avec une telle phrase le d\u00e9bat semble clos avant m\u00eame d&rsquo;avoir \u00e9t\u00e9 ouvert.<\/p>\n<p>Si, pour les oppositions, le bon sens est devenu un argument \u00ab\u00a0tarte \u00e0 la cr\u00e8me\u00a0\u00bb ressorti chaque fois que l&rsquo;on est \u00e0 court d&rsquo;id\u00e9es pour mieux le balancer \u00e0 la figure de son adversaire, qu&rsquo;en est-il au sommet de l&rsquo;\u00c9tat ? Pourquoi le sens est-il \u00e9nonc\u00e9 sans jamais &#8211; ou rarement &#8211; \u00eatre appliqu\u00e9 ?<\/p><\/blockquote>\n<h2>Quatri\u00e8me de couverture<\/h2>\n<p>R\u00e9veillons-nous, il y a urgence ! Urgence de partir \u00e0 la (re)conqu\u00eate du bon sens. Dans diff\u00e9rents domaines, la voie de la sagesse populaire a \u00e9t\u00e9 d\u00e9laiss\u00e9e et tout se passe comme si nous avions collectivement \u00e9gar\u00e9 notre facult\u00e9 de discernement. Il ne s&rsquo;agit pas ici de faire l&rsquo;\u00e9loge de l&rsquo;immobilisme ou de tomber dans la nostalgie mais d&rsquo;avancer sur le chemin du bon sens, qui passe par le savoir de nos a\u00een\u00e9s et l&rsquo;observation du monde tel qu&rsquo;il et.<\/p>\n<p>Notre monde confond simplicit\u00e9 et simplisme. Et le bon sens, synonyme de ringardise, a mauvaise r\u00e9putation. Ou pire encore, comme l&rsquo;affirment certains esprits \u00ab\u00a0\u00e9clair\u00e9s\u00a0\u00bb et certaines \u00e9lites auto-proclam\u00e9es, r\u00e9fl\u00e9chir avec bon sens reviendrait \u00e0 verser dans le populisme. Fr\u00e9d\u00e9ric Dard disait : \u00ab\u00a0Le bon sens, c&rsquo;est ce qui permet d&rsquo;\u00eatre \u00e9cout\u00e9 quand vous n&rsquo;\u00eates pas intelligent.\u00a0\u00bb Avec une ironie cinglant, l&rsquo;auteur de San-Antonio a r\u00e9sum\u00e9 la pr\u00e9tendue opposition entre intelligence et bon sens, une dichotomie qui nous aveugle. Voil\u00e0 pourquoi il est urgent d&rsquo;\u00f4ter nos oeill\u00e8res.<\/p>\n<p>C&rsquo;est la raison d&rsquo;\u00eatre de ce livre qui, exemples \u00e0 l&rsquo;appui, invite \u00e0 quitter la doxa dominante pour adopter \u00e0 nouveau l&rsquo;une de nos valeurs cardinales.<\/p>\n","protected":false},"excerpt":{"rendered":"<p>Ah le bon sens&#8230; on a beaucoup \u00e0 dire. Mais d&rsquo;abord la d\u00e9finition de chez Larousse : Capacit\u00e9 de bien juger, sans passion, d&rsquo;une situation ou de ce qu&rsquo;il est raisonnable de faire, compte tenu des circonstances. ou alors :<\/p>\n","protected":false},"author":1,"featured_media":0,"comment_status":"closed","ping_status":"open","sticky":false,"template":"","format":"standard","meta":{"footnotes":""},"categories":[17,22,6],"tags":[],"class_list":["post-3415","post","type-post","status-publish","format-standard","hentry","category-lecture","category-politique","category-sociologie","comments-off"],"_links":{"self":[{"href":"https:\/\/lecture.jose-marcio.org\/blog\/wp-json\/wp\/v2\/posts\/3415","targetHints":{"allow":["GET"]}}],"collection":[{"href":"https:\/\/lecture.jose-marcio.org\/blog\/wp-json\/wp\/v2\/posts"}],"about":[{"href":"https:\/\/lecture.jose-marcio.org\/blog\/wp-json\/wp\/v2\/types\/post"}],"author":[{"embeddable":true,"href":"https:\/\/lecture.jose-marcio.org\/blog\/wp-json\/wp\/v2\/users\/1"}],"replies":[{"embeddable":true,"href":"https:\/\/lecture.jose-marcio.org\/blog\/wp-json\/wp\/v2\/comments?post=3415"}],"version-history":[{"count":2,"href":"https:\/\/lecture.jose-marcio.org\/blog\/wp-json\/wp\/v2\/posts\/3415\/revisions"}],"predecessor-version":[{"id":3423,"href":"https:\/\/lecture.jose-marcio.org\/blog\/wp-json\/wp\/v2\/posts\/3415\/revisions\/3423"}],"wp:attachment":[{"href":"https:\/\/lecture.jose-marcio.org\/blog\/wp-json\/wp\/v2\/media?parent=3415"}],"wp:term":[{"taxonomy":"category","embeddable":true,"href":"https:\/\/lecture.jose-marcio.org\/blog\/wp-json\/wp\/v2\/categories?post=3415"},{"taxonomy":"post_tag","embeddable":true,"href":"https:\/\/lecture.jose-marcio.org\/blog\/wp-json\/wp\/v2\/tags?post=3415"}],"curies":[{"name":"wp","href":"https:\/\/api.w.org\/{rel}","templated":true}]}}