{"id":3492,"date":"2024-12-17T01:04:25","date_gmt":"2024-12-17T00:04:25","guid":{"rendered":"https:\/\/lecture.jose-marcio.org\/blog\/?p=3492"},"modified":"2024-12-18T08:14:47","modified_gmt":"2024-12-18T07:14:47","slug":"gilles-kepel-le-bouleversement-du-monde","status":"publish","type":"post","link":"https:\/\/lecture.jose-marcio.org\/blog\/2024\/12\/17\/gilles-kepel-le-bouleversement-du-monde\/","title":{"rendered":"Gilles Kepel &#8211; Le bouleversement du monde &#8211; apr\u00e8s le 7 octobre"},"content":{"rendered":"<p><img loading=\"lazy\" decoding=\"async\" class=\"size-medium wp-image-3494 alignright\" src=\"https:\/\/lecture.jose-marcio.org\/blog\/wp-content\/uploads\/2024\/12\/GillesKepel-LeBouleversementDuMonde-194x300.jpg\" alt=\"\" width=\"194\" height=\"300\" srcset=\"https:\/\/lecture.jose-marcio.org\/blog\/wp-content\/uploads\/2024\/12\/GillesKepel-LeBouleversementDuMonde-194x300.jpg 194w, https:\/\/lecture.jose-marcio.org\/blog\/wp-content\/uploads\/2024\/12\/GillesKepel-LeBouleversementDuMonde-664x1024.jpg 664w, https:\/\/lecture.jose-marcio.org\/blog\/wp-content\/uploads\/2024\/12\/GillesKepel-LeBouleversementDuMonde-768x1185.jpg 768w, https:\/\/lecture.jose-marcio.org\/blog\/wp-content\/uploads\/2024\/12\/GillesKepel-LeBouleversementDuMonde.jpg 800w\" sizes=\"auto, (max-width: 194px) 100vw, 194px\" \/><\/p>\n<p>Kepel nous pr\u00e9sente une \u00e9tude autant d\u00e9taill\u00e9e que possible de ce qui s&rsquo;est pass\u00e9 le 7 octobre 2023 et l&rsquo;apr\u00e8s. Il s&rsquo;int\u00e9resse particuli\u00e8rement \u00e0 l&rsquo;apr\u00e8s et aux cons\u00e9quences de ce pogrom.<\/p>\n<p>Gilles Kepel fait le tour, et commente, les \u00e9v\u00e8nements survenus apr\u00e8s le 7 octobre jusqu&rsquo;\u00e0 la fin de l&rsquo;\u00e9criture du livre, probablement en ao\u00fbt 2024.<\/p>\n<p>Le Hamas ne comptait s\u00fbrement pas sur l&rsquo;intensit\u00e9 de la r\u00e9action de Isra\u00ebl. Vu la sauvagerie de l&rsquo;attaque, la majorit\u00e9 des Juifs se sont rang\u00e9s derri\u00e8re le premier ministre Netanyahu, y compris l&rsquo;opposition. Isra\u00ebl ne pouvait pas ne rien faire. Il y a eu une catastrophe, le mot utilis\u00e9 par l&rsquo;auteur, chez les Palestiniens avec des dizaines de milliers de morts. Difficile d&rsquo;\u00e9viter, vu que le Hamas s&rsquo;est m\u00e9lang\u00e9, lui et ses installations militaires, avec la population civile et l&rsquo;a utilis\u00e9 comme bouclier humain. M\u00eame l&rsquo;OLP a critiqu\u00e9 le Hamas sur le fait qu&rsquo;ils n&rsquo;ont pas pr\u00e9vu la r\u00e9action de Isra\u00ebl, pourtant tr\u00e8s \u00e9vidente.<\/p>\n<p>L&rsquo;auteur d\u00e9die le dernier chapitre \u00e0 l&rsquo;exacerbation de l&rsquo;identitarisme. Vraisemblablement l&rsquo;antis\u00e9mitisme qui \u00e9tait consid\u00e9r\u00e9 comme un attribut de l&rsquo;extr\u00eame droite est pass\u00e9 compl\u00e8tement \u00e0 la gauche, qui le pratique de fa\u00e7on d\u00e9complex\u00e9e, surtout en Europe et en Am\u00e9riques (Nord et Sud) &#8211; voir commentaire du livre de Eva Illouz <a href=\"https:\/\/lecture.jose-marcio.org\/blog\/2024\/11\/21\/eva-illouz-le-8-octobre-genealogie-dune-haine-vertueuse\/\" target=\"_blank\" rel=\"noopener\">\u00ab\u00a0Le 8-octobre : G\u00e9n\u00e9alogie d\u2019une ha\u00efne vertueuse\u00a0\u00bb<\/a>. R\u00e9sultat des adeptes de l&rsquo;id\u00e9ologie anti-colonialiste. Les rares de l&rsquo;extr\u00eame droite qui le pratiquent encore sont rapidement remis \u00e0 leur place.<\/p>\n<p>J&rsquo;ai trouv\u00e9 ce texte assez \u00e9quilibr\u00e9. Gilles Kepel ne prend pas parti et n&rsquo;\u00e9lude pas les critiques faites \u00e0 Netanyahu.<\/p>\n<p>Le probl\u00e8me de ce livre est que la situation \u00e9volue rapidement. Il y a eu, apr\u00e8s la sortie de ce livre, la mort de Yahya Sinwar, commanditaire du pogrom, la d\u00e9cision de la CPI concernant une demande d&rsquo;arrestation de Netanyahu et des dirigeants du Hamas et encore la chute de Bachar Al Assad.<\/p>\n<p>Gilles Kepel explique, dans une vid\u00e9o[1], les raisons de la chute de Bachar Al Assad. Pour faire simple, la fragilisation de ses soutiens : le Hamas, le Hezbolah et l&rsquo;Iran. Aussi, la Russie est emp\u00eatr\u00e9e dans la guerre contre l&rsquo;Ukraine. Alors les rebelles ont profit\u00e9 du moment pour renverser le dictateur.<\/p>\n<p>Ceci est un sujet conflictuel. Beaucoup de pol\u00e9mique autour de ce sujet.<\/p>\n<p>Gilles Kepel est un politologue sp\u00e9cialiste reconnu du monde arabe contemporain et de l&rsquo;islamisme radical, travaillant sur ce sujet depuis une cinquantaine d&rsquo;ann\u00e9es. Professeur \u00e9m\u00e9rite de l&rsquo;Universit\u00e9 Paris Sciences et Lettres.<\/p>\n<p>On peut ne pas \u00eatre d&rsquo;accord avec ce qu&rsquo;il dit mais il faut avoir des bons arguments. Ce livre n&rsquo;est s\u00fbrement pas parfait. Il y en a qui, pour des raisons id\u00e9ologiques mettent en doute ses comp\u00e9tences scientifiques : pour cela, il vaut mieux \u00eatre qualifi\u00e9.<\/p>\n<p>[1] <a href=\"https:\/\/www.youtube.com\/watch?v=ov8meyp6hLc\" target=\"_blank\" rel=\"noopener\">\u00abLa v\u00e9rit\u00e9 sur la chute t\u00e9l\u00e9guid\u00e9e du tyran Bachar-al-Assad\u00bb<\/a><\/p>\n<h2>Citations<\/h2>\n<p>(p. 26-27)<\/p>\n<blockquote><p>Bien s\u00fbr, il est l\u00e9gitime, sur la place publique, de s&rsquo;engager pour un camp ou un autre. L&rsquo;horreur des massacres du 7 octobre est restitu\u00e9e \u00e0 chaud dans Croire en la vie, r\u00e9cit de Laura Blajman-Kadar, la jeune coorganisatrice franco-isra\u00e9lienne du festival de musique o\u00f9 364 personnes ont \u00e9t\u00e9 massacr\u00e9es. Elle a v\u00e9cu cette \u00e9preuve cach\u00e9e dans une caravane, restituant avec acuit\u00e9 inou\u00efe la commotion de la soci\u00e9t\u00e9 isra\u00e9lienne. Outre les faits eux-m\u00eames, la r\u00e9manence soudaine des pogroms, dont l&rsquo;existence de l&rsquo;\u00c9tat h\u00e9breu \u00e9tait justement cens\u00e9e avoir dissip\u00e9 \u00e0 jamais le spectre monstrueux, ravive un traumatisme profond. Lequel explique pour partie le blanc-seing donn\u00e9, dans les mois qui suivirent, par l&rsquo;\u00e9lectorat isra\u00e9lien, bien au-del\u00e0 des seuls partisans du Premier ministre, \u00e0 une guerre totale o\u00f9 rien n&rsquo;a \u00e9t\u00e9 fait pour \u00e9pargner les civils palestiniens de bombardements incessants. Ceux-ci se trouvent d\u00e9shumanis\u00e9s \u00e0 leur tour &#8211; comme l&rsquo;ont \u00e9t\u00e9 les kibboutznik de Be&rsquo;eri ou les participants au concert de \u00ab\u00a0trance music\u00a0\u00bb de la \u00ab\u00a0Tribu de Nova\u00a0\u00bb, abattus et profan\u00e9s avec un m\u00e9lange de sauvagerie et de fanatisme religieux. De la m\u00eame fa\u00e7on, l&rsquo;h\u00e9catombe des Palestiniens, le spectacle d&rsquo;hommes, de femmes et d&rsquo;enfants priv\u00e9s de leur habitation, de soins et de nourriture, et d\u00e9plac\u00e9s tel du b\u00e9tail en fonction des offensives de Tsahal, choquent de nombreuses consciences. Ils expliquent la mobilisation solidaire qui enflamme notamment une partie des campus des pays du \u00ab\u00a0Nord\u00a0\u00bb contre leurs gouvernements, accus\u00e9s d&rsquo;exercer une pression insuffisante sur Isra\u00ebl pour obtenir un cessez-le-feu.<\/p><\/blockquote>\n<p>(p. 31-32)<\/p>\n<blockquote><p>La mobilisation pour Gaza de certaines franges de la jeunesse sur le Vieux Continent s&rsquo;est aussi invit\u00e9e dans la campagne des \u00e9lections europ\u00e9ennes de juin 2024. En France, elle a exacerb\u00e9 les tensions au sein d&rsquo;une gauche d\u00e9chir\u00e9e entre La France insoumise (LFI) de Jean-Luc M\u00e9lenchon, engag\u00e9e contre Isra\u00ebl et soutien de Gaza, et le Parti socialiste, auquel appartiennent nombre intellectuels juifs radicalement hostiles \u00e0 Benyamin Netanyahou mais visc\u00e9ralement attach\u00e9s \u00e0 l&rsquo;\u00c9tat h\u00e9breu. Cette guerre des deux gauches, \u00ab\u00a0d\u00e9coloniale\u00a0\u00bb contre \u00ab\u00a0coloniale\u00a0\u00bb, selon l&rsquo;expression de la t\u00eate de liste de LFI, la d\u00e9put\u00e9e europ\u00e9enne Manon Aubry, a \u00e9t\u00e9 attis\u00e9e par la promotion de la juriste franco-palestinienne Rima Hassan, appel\u00e9e d\u00e9sormais \u00e0 si\u00e9ger \u00e0 Strasbourg. Au lieu de jouer sur des questions sociales, l&rsquo;\u00e9lection s&rsquo;est fix\u00e9e sur les enjeux identitaires, avec la cause palestinienne comme th\u00e8me majeur de la campagne des Insoumis, ainsi assur\u00e9s de cumuler les suffrages des couches populaires issues de l&rsquo;immigration musulmane et d&rsquo;une partie de la jeunesse estudiantine de classe moyenne.<\/p><\/blockquote>\n<h2>Quatri\u00e8me de couverture<\/h2>\n<div class=\"a-expander-content a-expander-partial-collapse-content a-expander-content-expanded\" data-expanded=\"true\">\n<p>Bilan et perspectives du 7 Octobre.L&rsquo;effet de souffle de la razzia pogromiste perp\u00e9tr\u00e9e par le Hamas le 7 octobre 2023, puis de l&rsquo;h\u00e9catombe des Palestiniens \u00e0 Gaza, a boulevers\u00e9 l&rsquo;ordre du monde instaur\u00e9 apr\u00e8s la Seconde Guerre mondiale. Apr\u00e8s avoir propos\u00e9 une analyse approfondie des logiques politico-religieuses qui d\u00e9cha\u00eenent ces passions meurtri\u00e8res, l&rsquo;auteur d&rsquo; <span class=\"a-text-italic\">Holocaustes<\/span> livre ici une mise en perspective du basculement qui en r\u00e9sulte.<\/p>\n<p>Chamboulement g\u00e9opolitique d&rsquo;abord, avec l&rsquo;\u00e9mergence d&rsquo;un \u00a0\u00bb Sud Global \u00a0\u00bb autoproclam\u00e9 qui r\u00e9voque l&rsquo;h\u00e9g\u00e9monie du \u00a0\u00bb Nord \u00ab\u00a0. S\u00e9isme moral ensuite, quand le terme de \u00a0\u00bb g\u00e9nocide \u00ab\u00a0, historiquement li\u00e9 \u00e0 la cr\u00e9ation de l&rsquo;\u00c9tat d&rsquo;Isra\u00ebl, est subverti jusqu&rsquo;au sommet des instances de l&rsquo;ONU. Fracture soci\u00e9tale enfin, dans les d\u00e9mocraties du \u00a0\u00bb Nord \u00a0\u00bb taraud\u00e9es par une polarisation identitaire in\u00e9dite, entre wokisme d&rsquo;extr\u00eame gauche et populisme d&rsquo;extr\u00eame droite.<\/p>\n<p>Du blocage des campus \u00e0 l&rsquo;irruption des causes palestinienne et isra\u00e9lienne dans les \u00e9lections majeures d&rsquo;Europe et d&rsquo;Am\u00e9rique, Gilles Kepel revient sur les lignes de faille que le 7 Octobre approfondit dans notre actualit\u00e9 et notre devenir.<\/p>\n<p>Une histoire raisonn\u00e9e du temps pr\u00e9sent, nourrie par la profondeur de champ d&rsquo;un sp\u00e9cialiste reconnu de l&rsquo;islamisme politique et de ses cons\u00e9quences plan\u00e9taires.<\/p>\n<\/div>\n","protected":false},"excerpt":{"rendered":"<p>Kepel nous pr\u00e9sente une \u00e9tude autant d\u00e9taill\u00e9e que possible de ce qui s&rsquo;est pass\u00e9 le 7 octobre 2023 et l&rsquo;apr\u00e8s. Il s&rsquo;int\u00e9resse particuli\u00e8rement \u00e0 l&rsquo;apr\u00e8s et aux cons\u00e9quences de ce pogrom. Gilles Kepel fait le tour, et commente, les \u00e9v\u00e8nements<\/p>\n","protected":false},"author":1,"featured_media":0,"comment_status":"closed","ping_status":"open","sticky":false,"template":"","format":"standard","meta":{"footnotes":""},"categories":[24,17,22],"tags":[],"class_list":["post-3492","post","type-post","status-publish","format-standard","hentry","category-histoire","category-lecture","category-politique","comments-off"],"_links":{"self":[{"href":"https:\/\/lecture.jose-marcio.org\/blog\/wp-json\/wp\/v2\/posts\/3492","targetHints":{"allow":["GET"]}}],"collection":[{"href":"https:\/\/lecture.jose-marcio.org\/blog\/wp-json\/wp\/v2\/posts"}],"about":[{"href":"https:\/\/lecture.jose-marcio.org\/blog\/wp-json\/wp\/v2\/types\/post"}],"author":[{"embeddable":true,"href":"https:\/\/lecture.jose-marcio.org\/blog\/wp-json\/wp\/v2\/users\/1"}],"replies":[{"embeddable":true,"href":"https:\/\/lecture.jose-marcio.org\/blog\/wp-json\/wp\/v2\/comments?post=3492"}],"version-history":[{"count":2,"href":"https:\/\/lecture.jose-marcio.org\/blog\/wp-json\/wp\/v2\/posts\/3492\/revisions"}],"predecessor-version":[{"id":3502,"href":"https:\/\/lecture.jose-marcio.org\/blog\/wp-json\/wp\/v2\/posts\/3492\/revisions\/3502"}],"wp:attachment":[{"href":"https:\/\/lecture.jose-marcio.org\/blog\/wp-json\/wp\/v2\/media?parent=3492"}],"wp:term":[{"taxonomy":"category","embeddable":true,"href":"https:\/\/lecture.jose-marcio.org\/blog\/wp-json\/wp\/v2\/categories?post=3492"},{"taxonomy":"post_tag","embeddable":true,"href":"https:\/\/lecture.jose-marcio.org\/blog\/wp-json\/wp\/v2\/tags?post=3492"}],"curies":[{"name":"wp","href":"https:\/\/api.w.org\/{rel}","templated":true}]}}