{"id":3543,"date":"2025-02-25T19:05:59","date_gmt":"2025-02-25T18:05:59","guid":{"rendered":"https:\/\/lecture.jose-marcio.org\/blog\/?p=3543"},"modified":"2025-02-25T23:40:57","modified_gmt":"2025-02-25T22:40:57","slug":"gilles-kepel-holocaustes","status":"publish","type":"post","link":"https:\/\/lecture.jose-marcio.org\/blog\/2025\/02\/25\/gilles-kepel-holocaustes\/","title":{"rendered":"Gilles Kepel &#8211; Holocaustes"},"content":{"rendered":"<p><img loading=\"lazy\" decoding=\"async\" class=\"size-medium wp-image-3544 alignright\" src=\"https:\/\/lecture.jose-marcio.org\/blog\/wp-content\/uploads\/2025\/02\/GillesKepel-Holocaustes-188x300.jpg\" alt=\"\" width=\"188\" height=\"300\" srcset=\"https:\/\/lecture.jose-marcio.org\/blog\/wp-content\/uploads\/2025\/02\/GillesKepel-Holocaustes-188x300.jpg 188w, https:\/\/lecture.jose-marcio.org\/blog\/wp-content\/uploads\/2025\/02\/GillesKepel-Holocaustes-643x1024.jpg 643w, https:\/\/lecture.jose-marcio.org\/blog\/wp-content\/uploads\/2025\/02\/GillesKepel-Holocaustes-768x1223.jpg 768w, https:\/\/lecture.jose-marcio.org\/blog\/wp-content\/uploads\/2025\/02\/GillesKepel-Holocaustes.jpg 800w\" sizes=\"auto, (max-width: 188px) 100vw, 188px\" \/><\/p>\n<p>Gilles Kepel est un professeur universitaire, politologue, sp\u00e9cialiste du monde arabe contemporain et de l&rsquo;islamisme radical. Il s&rsquo;int\u00e9resse \u00e0 ce sujet depuis les ann\u00e9es 70, lors de sa th\u00e8se de doctorat.<\/p>\n<p>Holocaustes, au pluriel ! Deux catastrophes ! La premi\u00e8re est le pogrom commis par le groupement terroriste Hamas en Isra\u00ebl le 7 octobre 2023, quand un peu plus de 1100 personnes ont \u00e9t\u00e9 sauvagement assassin\u00e9es et environ 250 prises en otages. L&rsquo;autre catastrophe r\u00e9sulte de la r\u00e9action d&rsquo;Isra\u00ebl qui a caus\u00e9, au moment de l&rsquo;\u00e9criture du livre (vers janvier 2024), la mort d&rsquo;approximativement 25.000 palestiniens (selon Hamas), entre terroristes et civils, le Hamas utilisant les civils comme des boucliers humains.<\/p>\n<p>Apr\u00e8s ce pogrom, le plus important depuis la Shoah, la r\u00e9action d&rsquo;Isra\u00ebl \u00e9tait pr\u00e9visible, avec le but affich\u00e9 d&rsquo;an\u00e9antir le groupe terroriste et de r\u00e9cup\u00e9rer les otages, si possible encore vivants. Par ailleurs, L&rsquo;OLP a critiqu\u00e9 la na\u00efvet\u00e9 du Hamas qui n&rsquo;a pas anticip\u00e9 la r\u00e9action d&rsquo;Isra\u00ebl, r\u00e9action qui ne pouvait pas \u00eatre autre.<\/p>\n<p>Le but de ce livre est d&rsquo;analyser ce qui est en train de se passer du point de vue g\u00e9opolitique. Ainsi, tout l&rsquo;historique du conflit est, \u00e0 juste titre, laiss\u00e9 de c\u00f4t\u00e9. Il s&rsquo;agit d&rsquo;un conflit tr\u00e8s complexe, qui dure depuis la fin du XIX si\u00e8cle, et dont le traitement exigerait beaucoup plus de pages que ce livre lui-m\u00eame, ne satisferait pas les adeptes d&rsquo;un c\u00f4t\u00e9 ou de l&rsquo;autre et risquerait m\u00eame de noyer le sujet de l&rsquo;ouvrage. Donc, c&rsquo;est un choix pertinent. Il y a beaucoup d&rsquo;ouvrages traitant de l&rsquo;historique, dont une partie est biais\u00e9e par des id\u00e9ologies.<\/p>\n<p>Depuis l&rsquo;introduction, l&rsquo;auteur traite des liens du Hamas, et ses dirigeants, avec ses voisins et surtout ceux qui partagent le but de destruction d&rsquo;Isra\u00ebl : le Hezbollah et l&rsquo;Iran. C&rsquo;est un but h\u00e9rit\u00e9 des Fr\u00e8res musulmans.<\/p>\n<p>Puis viennent les incoh\u00e9rences d&rsquo;Isra\u00ebl. D&rsquo;une part les aides financi\u00e8res apport\u00e9es par Isra\u00ebl qui ont fini par permettre d&rsquo;armer le Hamas et, d&rsquo;autre part et c&rsquo;est le plus important, le but de colonisation de l&rsquo;extr\u00eame droite isra\u00e9lienne, soutien de N\u00e9tanyahou. Par ailleurs, N\u00e9tanyahou avait d\u00e9plac\u00e9, vers la Cisjordanie, une partie des militaires qui \u00e9taient affect\u00e9s \u00e0 la d\u00e9fense d&rsquo;Isra\u00ebl : c&rsquo;est cette br\u00e8che qui aurait \u00e9t\u00e9 utilis\u00e9e par le Hamas.<\/p>\n<p>La suite de l&rsquo;ouvrage est tr\u00e8s int\u00e9ressante. Il s&rsquo;agit de l&rsquo;interaction et soutien des pays du BRICS+ qui semblent s&rsquo;opposer aux pays de l&rsquo;Occident. Au Br\u00e9sil, Lula et son parti pratiquent un antis\u00e9mitisme d\u00e9complex\u00e9 au point o\u00f9 il est maintenant une \u00ab\u00a0personne non grata\u00a0\u00bb en Isra\u00ebl. L&rsquo;Iran est un alli\u00e9 du Hamas. L&rsquo;Afrique du Sud est \u00e0 l&rsquo;origine d&rsquo;un proc\u00e8s contre Isra\u00ebl pour g\u00e9nocide : on peut probablement critiquer Isra\u00ebl, mais il ne parait pas, pour le moment, exister un g\u00e9nocide. La Chine a fait la m\u00e9diation d&rsquo;un accord entre le Hamas et le Fatah. La Russie, Poutine, re\u00e7oit une d\u00e9l\u00e9gation avec des membres du Hamas. A cela s&rsquo;ajoute des hurlements que l&rsquo;on entend dans d&rsquo;autres pays : \u00ab\u00a0Du Jourdain jusqu&rsquo;\u00e0 la mer\u00a0\u00bb.<\/p>\n<p>Beaucoup d&rsquo;\u00e9v\u00e9nements depuis l&rsquo;\u00e9criture de l&rsquo;ouvrage. Ce livre m\u00e9rite une actualisation dans quelque temps, mais pour le moment o\u00f9 il a \u00e9t\u00e9 \u00e9crit, il s&rsquo;agit d&rsquo;une tr\u00e8s bonne source d&rsquo;informations pour comprendre, du point de vue g\u00e9opolitique.<\/p>\n<p><strong>La table de mati\u00e8res :<\/strong><\/p>\n<ol>\n<li>1. La razzia du 7 Octobre<\/li>\n<li>Les contradictions d&rsquo;Isra\u00ebl<\/li>\n<li>G\u00e9opolitique d&rsquo;un massacre<\/li>\n<li>Haro sur l&rsquo;Occident<\/li>\n<li>\u00c9pilogue<\/li>\n<\/ol>\n<h2>Citations<\/h2>\n<p>(p. 152)<\/p>\n<blockquote><p>Les enjeux symboliques sont donc majeurs, au moment o\u00f9 le r\u00e9f\u00e9rent de l&rsquo;Occident en mati\u00e8re de droits humains et sa capacit\u00e9 morale \u00e0 les d\u00e9finir et \u00e0 les \u00e9noncer se voient r\u00e9cus\u00e9s par la coalition des BRICS+. Pour ces derniers, domin\u00e9s par les r\u00e9gimes illib\u00e9raux, la lutte contre les \u00c9tats-Unis, l&rsquo;Europe et leurs alli\u00e9s passe par une offensive qui ruine en valeur l&rsquo;\u00e9thique occidentale &#8211; accompagnement de leur poids croissant dans l&rsquo;\u00e9conomie internationale et de leur aspiration \u00e0 l&rsquo;h\u00e9g\u00e9monie de demain. En 2022, pour la premi\u00e8re fois, les cinq membres des BRICS ont d\u00e9pass\u00e9 de peu les \u00c9tats du G7 dans leur part du PIB mondial. En 2024, avec cinq nouveaux adh\u00e9rents, ils les distancent de mani\u00e8re significative.<\/p><\/blockquote>\n<h2>Quatri\u00e8me de couverture<\/h2>\n<div class=\"a-expander-content a-expander-partial-collapse-content a-expander-content-expanded\" data-expanded=\"true\">\n<p>L&rsquo;ouvrage de r\u00e9f\u00e9rence sur les massacres du 7 octobre 2023 et ses cons\u00e9quences dans le mondeLa razzia qui a d\u00e9vast\u00e9, le 7 octobre 2023, l&rsquo;\u00c9tat juif o\u00f9 1 140 personnes ont \u00e9t\u00e9 massacr\u00e9es, viol\u00e9es, mutil\u00e9es a \u00e9t\u00e9 suivie d&rsquo;une h\u00e9catombe lors de l&rsquo;assaut sur Gaza en repr\u00e9sailles, dans lequel ont p\u00e9ri plus de 25 000 Palestiniens.<\/p>\n<p>Ces holocaustes \u2013 au sens religieux originel de sacrifices de masse \u2013 incarnent la mal\u00e9diction de la Terre sainte dans notre p\u00e9riode tragique. Engrenage de violence et d&rsquo;aveuglement dont les logiques remontent loin dans l&rsquo;histoire des deux peuples.<\/p>\n<p>Gilles Kepel montre comment les protagonistes de ce drame entrem\u00ealent, dans leurs actes et discours, mystique et politique. \u00c0 l&rsquo;islamisme radical du Hamas sunnite et de ses alli\u00e9s chiites inspir\u00e9s par l&rsquo;Iran s&rsquo;opposent les supr\u00e9macistes juifs qui assurent la survie d&rsquo;un gouvernement Netanyahou aux strat\u00e9gies ambigu\u00ebs. Du Y\u00e9men au Liban, ce choc exacerbe les tensions r\u00e9gionales et conna\u00eet des r\u00e9percussions mondiales. Il prend l&rsquo;allure d&rsquo;une guerre plan\u00e9taire contre l&rsquo;Occident et ses valeurs, opposant Apartheid et Shoah. En s&rsquo;appropriant la notion de \u00a0\u00bb g\u00e9nocide \u00ab\u00a0, certains \u00c9tats et organisations se r\u00e9clament d&rsquo;un \u00a0\u00bb Sud Global \u00a0\u00bb en lutte contre un \u00a0\u00bb Nord \u00a0\u00bb stigmatis\u00e9 comme colonialiste et \u00a0\u00bb islamophobe \u00ab\u00a0.<\/p>\n<p>L&rsquo;auteur r\u00e9v\u00e8le ici les enjeux majeurs de ce conflit de civilisations.<\/p>\n<\/div>\n","protected":false},"excerpt":{"rendered":"<p>Gilles Kepel est un professeur universitaire, politologue, sp\u00e9cialiste du monde arabe contemporain et de l&rsquo;islamisme radical. Il s&rsquo;int\u00e9resse \u00e0 ce sujet depuis les ann\u00e9es 70, lors de sa th\u00e8se de doctorat. Holocaustes, au pluriel ! Deux catastrophes ! La premi\u00e8re<\/p>\n","protected":false},"author":1,"featured_media":0,"comment_status":"closed","ping_status":"open","sticky":false,"template":"","format":"standard","meta":{"footnotes":""},"categories":[24,17,22],"tags":[],"class_list":["post-3543","post","type-post","status-publish","format-standard","hentry","category-histoire","category-lecture","category-politique","comments-off"],"_links":{"self":[{"href":"https:\/\/lecture.jose-marcio.org\/blog\/wp-json\/wp\/v2\/posts\/3543","targetHints":{"allow":["GET"]}}],"collection":[{"href":"https:\/\/lecture.jose-marcio.org\/blog\/wp-json\/wp\/v2\/posts"}],"about":[{"href":"https:\/\/lecture.jose-marcio.org\/blog\/wp-json\/wp\/v2\/types\/post"}],"author":[{"embeddable":true,"href":"https:\/\/lecture.jose-marcio.org\/blog\/wp-json\/wp\/v2\/users\/1"}],"replies":[{"embeddable":true,"href":"https:\/\/lecture.jose-marcio.org\/blog\/wp-json\/wp\/v2\/comments?post=3543"}],"version-history":[{"count":2,"href":"https:\/\/lecture.jose-marcio.org\/blog\/wp-json\/wp\/v2\/posts\/3543\/revisions"}],"predecessor-version":[{"id":3547,"href":"https:\/\/lecture.jose-marcio.org\/blog\/wp-json\/wp\/v2\/posts\/3543\/revisions\/3547"}],"wp:attachment":[{"href":"https:\/\/lecture.jose-marcio.org\/blog\/wp-json\/wp\/v2\/media?parent=3543"}],"wp:term":[{"taxonomy":"category","embeddable":true,"href":"https:\/\/lecture.jose-marcio.org\/blog\/wp-json\/wp\/v2\/categories?post=3543"},{"taxonomy":"post_tag","embeddable":true,"href":"https:\/\/lecture.jose-marcio.org\/blog\/wp-json\/wp\/v2\/tags?post=3543"}],"curies":[{"name":"wp","href":"https:\/\/api.w.org\/{rel}","templated":true}]}}