{"id":3757,"date":"2025-09-14T12:48:19","date_gmt":"2025-09-14T10:48:19","guid":{"rendered":"https:\/\/lecture.jose-marcio.org\/blog\/?p=3757"},"modified":"2025-10-12T17:46:47","modified_gmt":"2025-10-12T15:46:47","slug":"ernest-renan-lislam-et-la-science","status":"publish","type":"post","link":"https:\/\/lecture.jose-marcio.org\/blog\/2025\/09\/14\/ernest-renan-lislam-et-la-science\/","title":{"rendered":"Ernest Renan &#8211; L&rsquo;Islam et la Science"},"content":{"rendered":"<p><img loading=\"lazy\" decoding=\"async\" class=\"size-medium wp-image-3758 alignright\" src=\"https:\/\/lecture.jose-marcio.org\/blog\/wp-content\/uploads\/2025\/09\/ErnestRenan-LIslamEtLaScience-232x300.jpg\" alt=\"\" width=\"232\" height=\"300\" srcset=\"https:\/\/lecture.jose-marcio.org\/blog\/wp-content\/uploads\/2025\/09\/ErnestRenan-LIslamEtLaScience-232x300.jpg 232w, https:\/\/lecture.jose-marcio.org\/blog\/wp-content\/uploads\/2025\/09\/ErnestRenan-LIslamEtLaScience.jpg 696w\" sizes=\"auto, (max-width: 232px) 100vw, 232px\" \/><\/p>\n<p>Le contenu d&rsquo;une conf\u00e9rence prof\u00e9r\u00e9e par l&rsquo;auteur, \u00e0 la Sorbonne, en 1883. Presque 150 ans. Malgr\u00e9 cet \u00e2ge, il s&rsquo;agit d&rsquo;un bouquin de grande actualit\u00e9 avec un point de vue qui me semble pertinent sur l&rsquo;obscurantisme de l&rsquo;islamisme radical.<\/p>\n<p>En fait, c&rsquo;est tr\u00e8s simple. Les Musulmans, surtout les plus radicaux, consid\u00e8rent que tout ce qu&rsquo;ils ont besoin de conna\u00eetre sont dans les r\u00e9v\u00e9lations du Coran. Alors, la philosophie consistant \u00e0 r\u00e9fl\u00e9chir sur le pourquoi et le comment est inutile puisque tout est dans les r\u00e9v\u00e9lations et serait alors une transgression. Donc, cette philosophie serait plut\u00f4t la th\u00e9ologie, \u00e9tude du Coran.<\/p>\n<p>La connaissance des sciences de la vie aussi seraient inutiles parce que le monde a \u00e9t\u00e9 cr\u00e9\u00e9 avec perfection par Allah et essayer de comprendre comment Allah a cr\u00e9\u00e9 le monde rel\u00e8verait d&rsquo;une profanation. Une connaissance \u00ab\u00a0inutile\u00a0\u00bb.<\/p>\n<p>La Perse est un cas \u00e0 part.<\/p>\n<p>Ce point de vue permet, effectivement, de comprendre des aspects de l&rsquo;Islamisme. Petit ouvrage qui a presque 150 ans, mais qui reste d&rsquo;actualit\u00e9.<\/p>\n<p>La page Wikip\u00e9dia \u00ab\u00a0Philosophie islamique\u00a0\u00bb [1] est un bon compl\u00e9ment \u00e0 cette lecture.<\/p>\n<p>[1] <a href=\"https:\/\/fr.wikipedia.org\/wiki\/Philosophie_islamique\" target=\"_blank\" rel=\"noopener\">Philosophie Islamique<\/a><\/p>\n<h2>Citations<\/h2>\n<p>(p. 36)<\/p>\n<blockquote><p>\u00c9coute, \u00f4 mon fils, il n&rsquo;y a point de sagesse \u00e9gale \u00e0 celle de croire en Dieu. Il a cr\u00e9\u00e9 le monde; devons nous tenter de l&rsquo;\u00e9galer en cherchant \u00e0 p\u00e9n\u00e9trer les myst\u00e8res de sa cr\u00e9ation ? Vois cette \u00e9toile qui tourne l\u00e0-haut autour de cette \u00e9toile; regarde cette autre \u00e9toile qui tra\u00eene une queue et qui met tant d&rsquo;ann\u00e9es \u00e0 venir et tant d&rsquo;ann\u00e9es \u00e0 s&rsquo;\u00e9loigner: laisse-la mon fils; celui dont les mains la form\u00e8rent saura bien la conduire et la diriger.<\/p><\/blockquote>\n<h2>Quatri\u00e8me de couverture<\/h2>\n<p>Penseur majeur du XIX\u00e8me si\u00e8cle, Ernest Renan affirma : \u00ab\u00a0L&rsquo;islamisme ne peut exister que comme religion officielle; quand on le r\u00e9duira \u00e0 l&rsquo;\u00e9tat de religion libre et individuelle, il p\u00e9rira. L&rsquo;islamisme n&rsquo;est pas seulement une religion d&rsquo;\u00c9tat, comme l&rsquo;a \u00e9t\u00e9 le catholicisme en France, sous Louis XIV, comme il l&rsquo;est encore en Espagne, c&rsquo;est la religion excluant l&rsquo;\u00c9tat {&#8230;]. L&rsquo;islam est le d\u00e9dain de la science, la suppression de la soci\u00e9t\u00e9 civile [&#8230;]\u00a0\u00bb<\/p>\n<p>Djeman ad Din [1838-1897], intellectuel musulman d&rsquo;origine persane, en voyage \u00e0 Paris, lui r\u00e9pondit dans <em>Le Journal des D\u00e9bats<\/em> : \u00ab\u00a0Les religions, de quelque nom qu&rsquo;on les d\u00e9signe, se ressemblent toutes. Aucune entente ni aucune r\u00e9conciliation ne sont possibles entre les religions et la philosophie. La religion impose \u00e0 l&rsquo;homme sa foi et sa croyance, tandis que la philosophie l&rsquo;en affranchi totalement ou en partie. Comment veut-on d\u00e8s lors qu&rsquo;elles s&rsquo;entendent entre elles ?\u00a0\u00bb<\/p>\n<p>&nbsp;<\/p>\n","protected":false},"excerpt":{"rendered":"<p>Le contenu d&rsquo;une conf\u00e9rence prof\u00e9r\u00e9e par l&rsquo;auteur, \u00e0 la Sorbonne, en 1883. Presque 150 ans. Malgr\u00e9 cet \u00e2ge, il s&rsquo;agit d&rsquo;un bouquin de grande actualit\u00e9 avec un point de vue qui me semble pertinent sur l&rsquo;obscurantisme de l&rsquo;islamisme radical. En<\/p>\n","protected":false},"author":1,"featured_media":0,"comment_status":"closed","ping_status":"open","sticky":false,"template":"","format":"standard","meta":{"footnotes":""},"categories":[17,21,31,19],"tags":[],"class_list":["post-3757","post","type-post","status-publish","format-standard","hentry","category-lecture","category-philosophie","category-religion","category-sciences","comments-off"],"_links":{"self":[{"href":"https:\/\/lecture.jose-marcio.org\/blog\/wp-json\/wp\/v2\/posts\/3757","targetHints":{"allow":["GET"]}}],"collection":[{"href":"https:\/\/lecture.jose-marcio.org\/blog\/wp-json\/wp\/v2\/posts"}],"about":[{"href":"https:\/\/lecture.jose-marcio.org\/blog\/wp-json\/wp\/v2\/types\/post"}],"author":[{"embeddable":true,"href":"https:\/\/lecture.jose-marcio.org\/blog\/wp-json\/wp\/v2\/users\/1"}],"replies":[{"embeddable":true,"href":"https:\/\/lecture.jose-marcio.org\/blog\/wp-json\/wp\/v2\/comments?post=3757"}],"version-history":[{"count":1,"href":"https:\/\/lecture.jose-marcio.org\/blog\/wp-json\/wp\/v2\/posts\/3757\/revisions"}],"predecessor-version":[{"id":3759,"href":"https:\/\/lecture.jose-marcio.org\/blog\/wp-json\/wp\/v2\/posts\/3757\/revisions\/3759"}],"wp:attachment":[{"href":"https:\/\/lecture.jose-marcio.org\/blog\/wp-json\/wp\/v2\/media?parent=3757"}],"wp:term":[{"taxonomy":"category","embeddable":true,"href":"https:\/\/lecture.jose-marcio.org\/blog\/wp-json\/wp\/v2\/categories?post=3757"},{"taxonomy":"post_tag","embeddable":true,"href":"https:\/\/lecture.jose-marcio.org\/blog\/wp-json\/wp\/v2\/tags?post=3757"}],"curies":[{"name":"wp","href":"https:\/\/api.w.org\/{rel}","templated":true}]}}