{"id":525,"date":"2015-11-28T09:11:00","date_gmt":"2015-11-28T08:11:00","guid":{"rendered":"http:\/\/lecture.jose-marcio.org\/blog\/?p=525"},"modified":"2020-12-29T10:52:59","modified_gmt":"2020-12-29T09:52:59","slug":"michela-marzano-le-fascisme-un-encombrant-retour","status":"publish","type":"post","link":"https:\/\/lecture.jose-marcio.org\/blog\/2015\/11\/28\/michela-marzano-le-fascisme-un-encombrant-retour\/","title":{"rendered":"Michela Marzano, \u00ab\u00a0Le fascisme &#8230; un encombrant retour ?\u00a0\u00bb"},"content":{"rendered":"<h2>Le fascisme &#8211; on change la forme mais on garde le fond&#8230;<\/h2>\n<p><span class=\"a-size-base review-text review-text-content\" data-hook=\"review-body\"><img loading=\"lazy\" decoding=\"async\" class=\"alignleft size-medium wp-image-538\" src=\"http:\/\/lecture.jose-marcio.org\/blog\/wp-content\/uploads\/2015\/11\/FascismeMarzano-191x300.jpg\" alt=\"\" width=\"191\" height=\"300\" srcset=\"https:\/\/lecture.jose-marcio.org\/blog\/wp-content\/uploads\/2015\/11\/FascismeMarzano-191x300.jpg 191w, https:\/\/lecture.jose-marcio.org\/blog\/wp-content\/uploads\/2015\/11\/FascismeMarzano.jpg 318w\" sizes=\"auto, (max-width: 191px) 100vw, 191px\" \/>Une analyse \u00e9clairante de ce que c&rsquo;est le fascisme et un regard de la d\u00e9marche de certains hommes politiques actuels.<\/span><\/p>\n<p>Le fascisme, comme le nazisme, sont des syst\u00e8mes totalitaires mais qui r\u00e9sultent de la manipulation (la peur, le ch\u00f4mage, l&rsquo;ins\u00e9curit\u00e9, &#8230;) et pas d&rsquo;un coup d&rsquo;\u00e9tat comme la plupart des dictatures. Et c&rsquo;est ce qui le rend dangereux.<\/p>\n<p>Le livre commence par une pr\u00e9sentation des caract\u00e9ristiques du fascisme et du contexte historique qui a permis l&rsquo;ascension de Mussolini. Apr\u00e8s cette introduction, comprendre la d\u00e9marche de Berlusconi devient trivial. L&rsquo;auteur retrouve des similarit\u00e9s en France mais le nom mentionn\u00e9 n&rsquo;est s\u00fbrement pas le seul.<\/p>\n<p>Ce livre, \u00e9crit il y a six ans (2009) est toujours d&rsquo;actualit\u00e9. A un moment o\u00f9 on parle de crise, d&rsquo;ins\u00e9curit\u00e9, d&rsquo;attentats, ch\u00f4mage, &#8230; il faut \u00eatre vigilant pour \u00e9viter le retour d&rsquo;id\u00e9ologies fascistes, sous une autre forme mais avec le m\u00eame fond. C&rsquo;est le message de ce livre.<\/p>\n<p>Par ailleurs, je n&rsquo;ai pas pu m&#8217;emp\u00eacher de penser au livre \u00ab\u00a0<em>1984<\/em>\u00a0\u00bb de <em>George Orwell<\/em>.<\/p>\n<p>J&rsquo;aime beaucoup les livres de <em>Michela Marzano<\/em>. Ils sont tr\u00e8s bien \u00e9crits et accessibles (pour ceux qui, comme moi, ne sont pas des philosophes).<\/p>\n<h2>Quatri\u00e8me de couverture<\/h2>\n<blockquote><p><em>Le fascisme nous menace-t-il encore ? Peut-on encore limiter l\u2019emploi de ce terme \u00e0 un mouvement politique caract\u00e9ris\u00e9 par une souverainet\u00e9 illimit\u00e9e du dirigeant, une passion pour la guerre et une soci\u00e9t\u00e9 fond\u00e9e sur l\u2019exclusion violente ? Cet essai analyse, d\u2019un point de vue philosophique, un certain nombre de traits de notre soci\u00e9t\u00e9 contemporaine (du culte de la personnalit\u00e9 des leaders aux politiques s\u00e9curitaires, en passant par les discours x\u00e9nophobes ou la question de la \u00ab privatisation de l\u2019espace public \u00bb et la \u00ab publicisation de l\u2019espace priv\u00e9 \u00bb) qui soul\u00e8vent bien des interrogations sur l\u2019\u00e9volution de nos d\u00e9mocraties m\u00e9diatiques.<\/em><\/p><\/blockquote>\n","protected":false},"excerpt":{"rendered":"<p>Le fascisme &#8211; on change la forme mais on garde le fond&#8230; Une analyse \u00e9clairante de ce que c&rsquo;est le fascisme et un regard de la d\u00e9marche de certains hommes politiques actuels. Le fascisme, comme le nazisme, sont des syst\u00e8mes<\/p>\n","protected":false},"author":1,"featured_media":0,"comment_status":"closed","ping_status":"open","sticky":false,"template":"","format":"standard","meta":{"footnotes":""},"categories":[17,21],"tags":[],"class_list":["post-525","post","type-post","status-publish","format-standard","hentry","category-lecture","category-philosophie","comments-off"],"_links":{"self":[{"href":"https:\/\/lecture.jose-marcio.org\/blog\/wp-json\/wp\/v2\/posts\/525","targetHints":{"allow":["GET"]}}],"collection":[{"href":"https:\/\/lecture.jose-marcio.org\/blog\/wp-json\/wp\/v2\/posts"}],"about":[{"href":"https:\/\/lecture.jose-marcio.org\/blog\/wp-json\/wp\/v2\/types\/post"}],"author":[{"embeddable":true,"href":"https:\/\/lecture.jose-marcio.org\/blog\/wp-json\/wp\/v2\/users\/1"}],"replies":[{"embeddable":true,"href":"https:\/\/lecture.jose-marcio.org\/blog\/wp-json\/wp\/v2\/comments?post=525"}],"version-history":[{"count":0,"href":"https:\/\/lecture.jose-marcio.org\/blog\/wp-json\/wp\/v2\/posts\/525\/revisions"}],"wp:attachment":[{"href":"https:\/\/lecture.jose-marcio.org\/blog\/wp-json\/wp\/v2\/media?parent=525"}],"wp:term":[{"taxonomy":"category","embeddable":true,"href":"https:\/\/lecture.jose-marcio.org\/blog\/wp-json\/wp\/v2\/categories?post=525"},{"taxonomy":"post_tag","embeddable":true,"href":"https:\/\/lecture.jose-marcio.org\/blog\/wp-json\/wp\/v2\/tags?post=525"}],"curies":[{"name":"wp","href":"https:\/\/api.w.org\/{rel}","templated":true}]}}