{"id":541,"date":"2013-10-24T10:27:20","date_gmt":"2013-10-24T08:27:20","guid":{"rendered":"http:\/\/lecture.jose-marcio.org\/blog\/?p=541"},"modified":"2022-08-16T09:59:46","modified_gmt":"2022-08-16T07:59:46","slug":"vilem-flusser-pour-une-philosophie-de-la-photographie","status":"publish","type":"post","link":"https:\/\/lecture.jose-marcio.org\/blog\/2013\/10\/24\/vilem-flusser-pour-une-philosophie-de-la-photographie\/","title":{"rendered":"Vil\u00e9m Flusser &#8211; Pour une philosophie de la photographie"},"content":{"rendered":"<h2>Une autre philosophie de la photographie &#8211; Rien \u00e0 voir avec celle de Van Lier<\/h2>\n<p><span class=\"a-size-base review-text review-text-content\" data-hook=\"review-body\"><img loading=\"lazy\" decoding=\"async\" class=\"alignleft size-medium wp-image-542\" src=\"http:\/\/lecture.jose-marcio.org\/blog\/wp-content\/uploads\/2020\/11\/VilemFlusser-155x300.jpg\" alt=\"\" width=\"155\" height=\"300\" srcset=\"https:\/\/lecture.jose-marcio.org\/blog\/wp-content\/uploads\/2020\/11\/VilemFlusser-155x300.jpg 155w, https:\/\/lecture.jose-marcio.org\/blog\/wp-content\/uploads\/2020\/11\/VilemFlusser.jpg 258w\" sizes=\"auto, (max-width: 155px) 100vw, 155px\" \/>J&rsquo;ai lu ce livre apr\u00e8s avoir lu un autre avec un titre similaire : \u00ab\u00a0Philosophie de la photographie\u00a0\u00bb de Henri Van Lier. Je croyais que c&rsquo;\u00e9taient des approches similaires du m\u00eame sujet. Mais pas du tout, rien \u00e0 voir.<\/span><\/p>\n<p>Le livre de <em>Van Lier<\/em> \u00e9tudie la photo bas\u00e9 sur des aspects tels l&#8217;empreinte, les signes, &#8230;<\/p>\n<p>L&rsquo;id\u00e9e de d\u00e9part de ce livre (ce qui m&rsquo;a int\u00e9ress\u00e9 le plus) est de consid\u00e9rer l&rsquo;acte photographique comme le d\u00e9roulement d&rsquo;un \u00ab\u00a0programme\u00a0\u00bb. L&rsquo;appareil photographique est pr\u00e9vu pour ex\u00e9cuter une action selon certaines conditions. On peut faire des bonnes photos si on suit les consignes de ce programme. En termes simplistes, ces consignes sont des sortes de \u00ab\u00a0modes d&#8217;emploi\u00a0\u00bb&#8230; La cr\u00e9ativit\u00e9 consiste justement \u00e0 sortir de ce \u00ab\u00a0sentier battu\u00a0\u00bb et faire autrement, et c&rsquo;est \u00e0 ce moment que l&rsquo;on pourra consid\u00e9rer la photo comme un acte de cr\u00e9ativit\u00e9.<\/p>\n<p>Sorti en 93 (me semble-t&rsquo;il), c&rsquo;est un petit livre tr\u00e8s int\u00e9ressant qui me semble avoir \u00e9t\u00e9 plus ou moins ignor\u00e9.<\/p>\n<p>Un colloque a \u00e9t\u00e9 organis\u00e9 en Marseille, en 2009, autour du sujet \u00ab\u00a0Le Photographiable\u00a0\u00bb &#8211; les id\u00e9es de Flusser ont \u00e9t\u00e9 d\u00e9battues par des sp\u00e9cialistes (photographes, philosophes, &#8230;). Les actes du congr\u00e8s se trouvent r\u00e9unis dans l&rsquo;ouvrage\u00a0 <a class=\"a-link-normal\" href=\"https:\/\/www.amazon.fr\/Le-photographiable\/dp\/2853998665\/ref=cm_cr_srp_d_rvw_txt?ie=UTF8\" data-hook=\"product-link-linked\">Le photographiable<\/a> , dirig\u00e9 par <em>Jean Arrouye<\/em> et <em>Michel Gu\u00e9rin<\/em>, paru en 2013. C&rsquo;est un ouvrage aussi int\u00e9ressant, mais \u00e0 lire apr\u00e8s cet ouvrage de <em>Vil\u00e9m Flusser<\/em>.<\/p>\n","protected":false},"excerpt":{"rendered":"<p>Une autre philosophie de la photographie &#8211; Rien \u00e0 voir avec celle de Van Lier J&rsquo;ai lu ce livre apr\u00e8s avoir lu un autre avec un titre similaire : \u00ab\u00a0Philosophie de la photographie\u00a0\u00bb de Henri Van Lier. Je croyais que<\/p>\n","protected":false},"author":1,"featured_media":0,"comment_status":"closed","ping_status":"open","sticky":false,"template":"","format":"standard","meta":{"footnotes":""},"categories":[17,18],"tags":[],"class_list":["post-541","post","type-post","status-publish","format-standard","hentry","category-lecture","category-photographie","comments-off"],"_links":{"self":[{"href":"https:\/\/lecture.jose-marcio.org\/blog\/wp-json\/wp\/v2\/posts\/541","targetHints":{"allow":["GET"]}}],"collection":[{"href":"https:\/\/lecture.jose-marcio.org\/blog\/wp-json\/wp\/v2\/posts"}],"about":[{"href":"https:\/\/lecture.jose-marcio.org\/blog\/wp-json\/wp\/v2\/types\/post"}],"author":[{"embeddable":true,"href":"https:\/\/lecture.jose-marcio.org\/blog\/wp-json\/wp\/v2\/users\/1"}],"replies":[{"embeddable":true,"href":"https:\/\/lecture.jose-marcio.org\/blog\/wp-json\/wp\/v2\/comments?post=541"}],"version-history":[{"count":0,"href":"https:\/\/lecture.jose-marcio.org\/blog\/wp-json\/wp\/v2\/posts\/541\/revisions"}],"wp:attachment":[{"href":"https:\/\/lecture.jose-marcio.org\/blog\/wp-json\/wp\/v2\/media?parent=541"}],"wp:term":[{"taxonomy":"category","embeddable":true,"href":"https:\/\/lecture.jose-marcio.org\/blog\/wp-json\/wp\/v2\/categories?post=541"},{"taxonomy":"post_tag","embeddable":true,"href":"https:\/\/lecture.jose-marcio.org\/blog\/wp-json\/wp\/v2\/tags?post=541"}],"curies":[{"name":"wp","href":"https:\/\/api.w.org\/{rel}","templated":true}]}}