{"id":548,"date":"2013-10-29T10:55:01","date_gmt":"2013-10-29T09:55:01","guid":{"rendered":"http:\/\/lecture.jose-marcio.org\/blog\/?p=548"},"modified":"2022-08-16T10:00:00","modified_gmt":"2022-08-16T08:00:00","slug":"marc-jimenez-quest-ce-que-lesthetique","status":"publish","type":"post","link":"https:\/\/lecture.jose-marcio.org\/blog\/2013\/10\/29\/marc-jimenez-quest-ce-que-lesthetique\/","title":{"rendered":"Marc Jimenez &#8211; Qu&rsquo;est-ce que l&rsquo;esth\u00e9tique ?"},"content":{"rendered":"<h2>Une bonne vision globale de ce que c&rsquo;est l&rsquo;esth\u00e9tique.<\/h2>\n<p><span class=\"a-size-base review-text review-text-content\" data-hook=\"review-body\"><img loading=\"lazy\" decoding=\"async\" class=\"alignleft size-medium wp-image-549\" src=\"http:\/\/lecture.jose-marcio.org\/blog\/wp-content\/uploads\/2020\/11\/Esthetiqhe-MarcJimenez-183x300.jpg\" alt=\"\" width=\"183\" height=\"300\" srcset=\"https:\/\/lecture.jose-marcio.org\/blog\/wp-content\/uploads\/2020\/11\/Esthetiqhe-MarcJimenez-183x300.jpg 183w, https:\/\/lecture.jose-marcio.org\/blog\/wp-content\/uploads\/2020\/11\/Esthetiqhe-MarcJimenez.jpg 304w\" sizes=\"auto, (max-width: 183px) 100vw, 183px\" \/>Au contraire de ce qu&rsquo;on peut penser de son titre, ce n&rsquo;est pas un livre de vulgarisation.<\/span><\/p>\n<p>Ce livre pr\u00e9sente les diff\u00e9rentes th\u00e9ories concernant l&rsquo;esth\u00e9tique, depuis les grecs jusqu&rsquo;\u00e0 nos jours. Ce qui m&rsquo;a le plus passionn\u00e9 dans ce livre est la pr\u00e9sentation successive des th\u00e9ories \u00e9labor\u00e9es par des philosophes tels <em>Kant, Hegel, Nietszche, Marx, Freud, Arthur Danto, Adorno, &#8230;<\/em> D&rsquo;une part, ces th\u00e9ories sont \u00ab\u00a0difficiles \u00e0 dig\u00e9rer\u00a0\u00bb dans leurs textes originaux et, d&rsquo;autre part, ce livre montre pourquoi on est pass\u00e9 d&rsquo;une \u00e0 l&rsquo;autre, tout en les mettant dans le contexte de l&rsquo;art de l&rsquo;\u00e9poque. Les commentaires et critiques m&rsquo;ont paru sans parti pris.<\/p>\n<p>Par exemple, j&rsquo;ai pu lire <em>\u00ab\u00a0Transfiguration du banal\u00a0\u00bb<\/em> d&rsquo;<em>Arthur Danto<\/em>, livre tr\u00e8s int\u00e9ressant, mais dont la lecture aurait probablement \u00e9t\u00e9 plus profitable si lu apr\u00e8s ce livre.<\/p>\n<p>Les concepts ne sont pas \u00e9vidents pour le scientifique que je suis et certains paragraphes j&rsquo;ai du lire deux fois. Mais la lecture est tr\u00e8s facile.<\/p>\n<p>Pour ceux qui, comme moi, ont l&rsquo;habitude d&rsquo;aborder d&rsquo;un sujet par une vision globale avant les d\u00e9tails les plus int\u00e9ressants, c&rsquo;est un livre parfait. Je le lirai tr\u00e8s certainement une deuxi\u00e8me fois dans quelque temps.<\/p>\n<h2>Quatri\u00e8me de couverture<\/h2>\n<blockquote><p><em>L&rsquo;esth\u00e9tique est une fois encore \u00e0 l&rsquo;ordre du jour philosophique. Notre \u00e9poque, press\u00e9e d&rsquo;en <\/em><em>d\u00e9coudre avec la fin proclam\u00e9e de l&rsquo;Art, tient pour \u00e9vident l&rsquo;objet de cette discipline.<\/em><\/p>\n<p><em>Or, l&rsquo;esth\u00e9tique est relativement r\u00e9cente : la r\u00e9flexion sur l&rsquo;art est une histoire parall\u00e8le \u00e0 celle de rationalit\u00e9. Marc Jimenez en retrace ici de d\u00e9veloppement.<\/em><\/p>\n<p><em>C&rsquo;est au si\u00e8cle des Lumi\u00e8res que l&rsquo;esth\u00e9tique s&rsquo;autonomise, qu&rsquo;elle conquiert ses lettres de noblesse, quand devient primordiale la question du Beau comme acc\u00e8s au sens, \u00e0 la v\u00e9rit\u00e9. Alors s<\/em><em>&lsquo;ouvrent des voies diverses : la science du Beau (Kunstwissenschaft) n&rsquo;est pas la facult\u00e9 de juger kantienne ni la philosophie de l&rsquo;Art, entre tradition et modernit\u00e9, imagin\u00e9e par Hegel. D&rsquo;o\u00f9 les grands changements de perspective op\u00e9r\u00e9s au XXe si\u00e8cle : le tournant esth\u00e9tique de la philosophie, inaugur\u00e9 par Nietzsche; le tournant politique de l&rsquo;esth\u00e9tique (Luk\u00e0cs, Heidegger, Benjamin, Adorno notamment); le tournant culturel de l&rsquo;esth\u00e9tique (Goodman, Danto, etc.).<\/em><\/p><\/blockquote>\n","protected":false},"excerpt":{"rendered":"<p>Une bonne vision globale de ce que c&rsquo;est l&rsquo;esth\u00e9tique. Au contraire de ce qu&rsquo;on peut penser de son titre, ce n&rsquo;est pas un livre de vulgarisation. Ce livre pr\u00e9sente les diff\u00e9rentes th\u00e9ories concernant l&rsquo;esth\u00e9tique, depuis les grecs jusqu&rsquo;\u00e0 nos jours.<\/p>\n","protected":false},"author":1,"featured_media":0,"comment_status":"closed","ping_status":"open","sticky":false,"template":"","format":"standard","meta":{"footnotes":""},"categories":[20,17],"tags":[],"class_list":["post-548","post","type-post","status-publish","format-standard","hentry","category-art","category-lecture","comments-off"],"_links":{"self":[{"href":"https:\/\/lecture.jose-marcio.org\/blog\/wp-json\/wp\/v2\/posts\/548","targetHints":{"allow":["GET"]}}],"collection":[{"href":"https:\/\/lecture.jose-marcio.org\/blog\/wp-json\/wp\/v2\/posts"}],"about":[{"href":"https:\/\/lecture.jose-marcio.org\/blog\/wp-json\/wp\/v2\/types\/post"}],"author":[{"embeddable":true,"href":"https:\/\/lecture.jose-marcio.org\/blog\/wp-json\/wp\/v2\/users\/1"}],"replies":[{"embeddable":true,"href":"https:\/\/lecture.jose-marcio.org\/blog\/wp-json\/wp\/v2\/comments?post=548"}],"version-history":[{"count":0,"href":"https:\/\/lecture.jose-marcio.org\/blog\/wp-json\/wp\/v2\/posts\/548\/revisions"}],"wp:attachment":[{"href":"https:\/\/lecture.jose-marcio.org\/blog\/wp-json\/wp\/v2\/media?parent=548"}],"wp:term":[{"taxonomy":"category","embeddable":true,"href":"https:\/\/lecture.jose-marcio.org\/blog\/wp-json\/wp\/v2\/categories?post=548"},{"taxonomy":"post_tag","embeddable":true,"href":"https:\/\/lecture.jose-marcio.org\/blog\/wp-json\/wp\/v2\/tags?post=548"}],"curies":[{"name":"wp","href":"https:\/\/api.w.org\/{rel}","templated":true}]}}