{"id":784,"date":"2020-12-17T14:54:17","date_gmt":"2020-12-17T13:54:17","guid":{"rendered":"http:\/\/lecture.jose-marcio.org\/blog\/?p=784"},"modified":"2021-01-14T01:04:10","modified_gmt":"2021-01-14T00:04:10","slug":"valerie-bugault-les-raisons-cachees-du-desordre-mondial","status":"publish","type":"post","link":"https:\/\/lecture.jose-marcio.org\/blog\/2020\/12\/17\/valerie-bugault-les-raisons-cachees-du-desordre-mondial\/","title":{"rendered":"Val\u00e9rie Bugault, \u00ab\u00a0Les raisons cach\u00e9es du d\u00e9sordre mondial\u00a0\u00bb"},"content":{"rendered":"<h2>Est-ce du complot ???<\/h2>\n<p><img loading=\"lazy\" decoding=\"async\" class=\"size-medium wp-image-788 alignright\" src=\"http:\/\/lecture.jose-marcio.org\/blog\/wp-content\/uploads\/2020\/12\/ValerieBugault-LesRaisonsCacheesduDesordreMondial-212x300.jpg\" alt=\"\" width=\"212\" height=\"300\" srcset=\"https:\/\/lecture.jose-marcio.org\/blog\/wp-content\/uploads\/2020\/12\/ValerieBugault-LesRaisonsCacheesduDesordreMondial-212x300.jpg 212w, https:\/\/lecture.jose-marcio.org\/blog\/wp-content\/uploads\/2020\/12\/ValerieBugault-LesRaisonsCacheesduDesordreMondial.jpg 353w\" sizes=\"auto, (max-width: 212px) 100vw, 212px\" \/><img loading=\"lazy\" decoding=\"async\" class=\"size-medium wp-image-785 alignright\" src=\"http:\/\/lecture.jose-marcio.org\/blog\/wp-content\/uploads\/2020\/12\/ValerieBugault-DemailDesLAube-200x300.jpg\" alt=\"\" width=\"200\" height=\"300\" srcset=\"https:\/\/lecture.jose-marcio.org\/blog\/wp-content\/uploads\/2020\/12\/ValerieBugault-DemailDesLAube-200x300.jpg 200w, https:\/\/lecture.jose-marcio.org\/blog\/wp-content\/uploads\/2020\/12\/ValerieBugault-DemailDesLAube.jpg 333w\" sizes=\"auto, (max-width: 200px) 100vw, 200px\" \/>Je viens de finir<em> \u00ab\u00a0Demain d\u00e8s l&rsquo;aube&#8230; le renouveau\u00a0\u00bb<\/em> qui est, en fait, un r\u00e9sum\u00e9 de <em>\u00ab\u00a0Les raisons cach\u00e9es du d\u00e9sordre mondial\u00a0\u00bb<\/em>.<\/p>\n<p>Chose bizarre ou, au moins, pas courante : un \u00e9crivain \u00e9crit un livre (320 pages) puis sort une version abr\u00e9g\u00e9e (115 pages). Il m&rsquo;arrive parfois d&rsquo;acheter un bouquin d&rsquo;introduction \u00e0 un th\u00e8me un peu ardu avant d&rsquo;aborder le fond du sujet, mais c&rsquo;est la premi\u00e8re fois que je vois \u00e7a. J&rsquo;ai achet\u00e9 le r\u00e9sum\u00e9 sans me rendre compte, une erreur. Mais bon, passons.<\/p>\n<p>Alors, de quoi s&rsquo;agit-il ?<\/p>\n<p>Val\u00e9rie Bugault nous pr\u00e9sente sa th\u00e9orie : le personnage central sont les <em>\u00ab\u00a0banquiers-commer\u00e7ants\u00a0\u00bb<\/em>. Ce sont les tr\u00e8s grosses entreprises, multinationales, ainsi que les banquiers.<\/p>\n<p>Le but ultime des <em>\u00ab\u00a0banquiers-commer\u00e7ants\u00a0\u00bb<\/em> serait la prise de pouvoir mondial. Pour attendre cela ils se sont accapar\u00e9s du syst\u00e8me mon\u00e9taire international (les banques mondiales, &#8230;). Le <em>\u00ab\u00a0pouvoir politique\u00a0\u00bb<\/em> a \u00e9t\u00e9 remplac\u00e9 par le <em>\u00ab\u00a0pouvoir \u00e9conomique\u00a0\u00bb<\/em>. La notion de \u00c9tat doit dispara\u00eetre et faire \u00e9merger un gouvernement mondial qui sera, bien s\u00fbr, entre les mains des <em>\u00ab\u00a0banquiers-commer\u00e7ants\u00a0\u00bb,<\/em> de la m\u00eame fa\u00e7on que aujourd&rsquo;hui, selon elle, le pouvoir politique serait d\u00e9j\u00e0 entre les mains du pouvoir \u00e9conomique. Ce gouvernement mondial ne pourrait \u00eatre autre qu&rsquo;un pouvoir autoritaire.<\/p>\n<p>Val\u00e9rie Bugault d\u00e9voile, dans les deux derniers paragraphes, un peu plus de sa pens\u00e9e et de ses convictions lorsqu&rsquo;elle sugg\u00e8re que le mouvement des Gilets Jaunes serait un commencement de r\u00e9ponse \u00e0 sa th\u00e9orie.<\/p>\n<p>Pour \u00e9tayer sa th\u00e9orie Val\u00e9rie Bugault mentionne un certain nombre de faits historiques, de pass\u00e9s plus ou moins r\u00e9cents. Je ne suis pas habilit\u00e9 \u00e0 les contester, je n&rsquo;ai pas les comp\u00e9tences. Val\u00e9rie Bougault est docteur en droit, je suppose qu&rsquo;elle sait de quoi elle parle.<\/p>\n<p>N\u00e9anmoins, il n&rsquo;est pas d\u00e9montr\u00e9 qu&rsquo;il y a une concertation globale entre les <em>\u00ab\u00a0banquiers-commer\u00e7ants\u00a0\u00bb<\/em> pour atteindre ce but et une bonne partie de ses pr\u00e9visions pour l&rsquo;avenir ne sont, pour l&rsquo;instant, que des hypoth\u00e8ses. Mais le sc\u00e9nario semble plausible.<\/p>\n<p>Il faut rappeler ici que les personnages de sa th\u00e9orie sont les <em>\u00ab\u00a0banquiers-commen\u00e7ants\u00a0\u00bb<\/em> et pas les <em>\u00ab\u00a0Chicago boys\u00a0\u00bb<\/em> qui font partie d&rsquo;une autre th\u00e9orie&#8230;<\/p>\n<p>Que ces th\u00e9ories soient vraies ou pas, peu importe. Il est int\u00e9ressante de les conna\u00eetre, avec la t\u00eate repos\u00e9e. Une partie de ces th\u00e9ories sont plausibles et peuvent mener \u00e0 des soci\u00e9t\u00e9s telles que celles d\u00e9crites dans <em>\u00ab\u00a01984\u00a0\u00bb<\/em> de Georges Orwell ou\u00a0<em>\u00ab\u00a0Le meilleur des mondes\u00a0\u00bb<\/em> de Aldous Huxley.<\/p>\n<h2>Quatri\u00e8me de couverture<\/h2>\n<blockquote><p><em>Bien que de nature radicale, les \u00e9volutions politiques, g\u00e9opolitiques, institutionnelles, \u00e9conomiques et juridiques actuelles, passent souvent sous le radar des analystes, qui ne voient que l \u00e9cume des transformations. Les fran\u00e7ais, qui per\u00e7oivent de fa\u00e7on diffuse la gravit\u00e9 des \u00e9v\u00e8nements en cours, sont limit\u00e9s par leur perception et ne comprennent, trop souvent, pas la coh\u00e9rence de long terme des \u00e9v\u00e8nements. Car, sur le mod\u00e8le de la tectonique des plaques, les modifications auxquelles nous assistons, pr\u00e9par\u00e9es de longue date et longtemps rest\u00e9es invisibles, deviennent brutalement apparentes aux yeux de tous. Priv\u00e9s d analyses coh\u00e9rentes sur la dur\u00e9e, les fran\u00e7ais ne disposent pas de r\u00e9elles armes pour d\u00e9fendre le mod\u00e8le de soci\u00e9t\u00e9 qu ils avaient accept\u00e9 et qui leur est retir\u00e9, de fa\u00e7on aussi sournoise qu autoritaire. Face \u00e0 l apparente in\u00e9luctabilit\u00e9 des ph\u00e9nom\u00e8nes auxquels nous assistons, une r\u00e9action par le rejet est aujourd hui la seule alternative politique disponible.<\/em><\/p>\n<p><em>A l&rsquo;heure des bilans, cette synth\u00e8se apporte des clefs de compr\u00e9hension syst\u00e9mique que le lecteur curieux pourra utilement compl\u00e9ter par la lecture du livre Les raisons cach\u00e9es du d\u00e9sordre mondial qui \u00e9num\u00e8re les conditions du renouveau civilisationnel. Demain d\u00e8s l aube&#8230;<\/em><\/p><\/blockquote>\n","protected":false},"excerpt":{"rendered":"<p>Est-ce du complot ??? Je viens de finir \u00ab\u00a0Demain d\u00e8s l&rsquo;aube&#8230; le renouveau\u00a0\u00bb qui est, en fait, un r\u00e9sum\u00e9 de \u00ab\u00a0Les raisons cach\u00e9es du d\u00e9sordre mondial\u00a0\u00bb. Chose bizarre ou, au moins, pas courante : un \u00e9crivain \u00e9crit un livre (320<\/p>\n","protected":false},"author":1,"featured_media":0,"comment_status":"closed","ping_status":"open","sticky":false,"template":"","format":"standard","meta":{"footnotes":""},"categories":[17,22,6],"tags":[],"class_list":["post-784","post","type-post","status-publish","format-standard","hentry","category-lecture","category-politique","category-sociologie","comments-off"],"_links":{"self":[{"href":"https:\/\/lecture.jose-marcio.org\/blog\/wp-json\/wp\/v2\/posts\/784","targetHints":{"allow":["GET"]}}],"collection":[{"href":"https:\/\/lecture.jose-marcio.org\/blog\/wp-json\/wp\/v2\/posts"}],"about":[{"href":"https:\/\/lecture.jose-marcio.org\/blog\/wp-json\/wp\/v2\/types\/post"}],"author":[{"embeddable":true,"href":"https:\/\/lecture.jose-marcio.org\/blog\/wp-json\/wp\/v2\/users\/1"}],"replies":[{"embeddable":true,"href":"https:\/\/lecture.jose-marcio.org\/blog\/wp-json\/wp\/v2\/comments?post=784"}],"version-history":[{"count":0,"href":"https:\/\/lecture.jose-marcio.org\/blog\/wp-json\/wp\/v2\/posts\/784\/revisions"}],"wp:attachment":[{"href":"https:\/\/lecture.jose-marcio.org\/blog\/wp-json\/wp\/v2\/media?parent=784"}],"wp:term":[{"taxonomy":"category","embeddable":true,"href":"https:\/\/lecture.jose-marcio.org\/blog\/wp-json\/wp\/v2\/categories?post=784"},{"taxonomy":"post_tag","embeddable":true,"href":"https:\/\/lecture.jose-marcio.org\/blog\/wp-json\/wp\/v2\/tags?post=784"}],"curies":[{"name":"wp","href":"https:\/\/api.w.org\/{rel}","templated":true}]}}